{"id":1,"date":"2016-01-19T10:45:32","date_gmt":"2016-01-19T10:45:32","guid":{"rendered":"http:\/\/blogs.univ-jfc.fr\/campsdusudouest\/?p=1"},"modified":"2016-03-03T08:36:23","modified_gmt":"2016-03-03T07:36:23","slug":"bonjour-tout-le-monde","status":"publish","type":"post","link":"https:\/\/blogs.univ-jfc.fr\/campsdusudouest\/2016\/01\/19\/bonjour-tout-le-monde\/","title":{"rendered":"Histoire des camps d&rsquo;internement du Sud-Ouest de la France"},"content":{"rendered":"<p>Ce site web a \u00e9t\u00e9 r\u00e9alis\u00e9 par les \u00e9tudiants de premi\u00e8re et deuxi\u00e8me ann\u00e9e de licence d&rsquo;Histoire de l&rsquo;Institut Universitaire National Champollion.<\/p>\n<p>Il est consacr\u00e9 \u00e0 l&rsquo;histoire des camps d&rsquo;internement du Sud-Ouest de la France.<\/p>\n<p>Naviguez dans les pages du site en cliquant sur les onglets ci-dessus.<\/p>\n<h1>Bonne visite<\/h1>\n","protected":false},"excerpt":{"rendered":"<p>Ce site web a \u00e9t\u00e9 r\u00e9alis\u00e9 par les \u00e9tudiants de premi\u00e8re et deuxi\u00e8me ann\u00e9e de licence d&rsquo;Histoire de l&rsquo;Institut Universitaire National Champollion. Il est consacr\u00e9 \u00e0 l&rsquo;histoire des camps d&rsquo;internement du Sud-Ouest de la France. Naviguez dans les pages du &hellip; <a href=\"https:\/\/blogs.univ-jfc.fr\/campsdusudouest\/2016\/01\/19\/bonjour-tout-le-monde\/\">Lire la suite <span class=\"meta-nav\">&rarr;<\/span><\/a><\/p>\n","protected":false},"author":15,"featured_media":0,"comment_status":"open","ping_status":"open","sticky":false,"template":"","format":"standard","meta":[],"categories":[1],"tags":[],"_links":{"self":[{"href":"https:\/\/blogs.univ-jfc.fr\/campsdusudouest\/wp-json\/wp\/v2\/posts\/1"}],"collection":[{"href":"https:\/\/blogs.univ-jfc.fr\/campsdusudouest\/wp-json\/wp\/v2\/posts"}],"about":[{"href":"https:\/\/blogs.univ-jfc.fr\/campsdusudouest\/wp-json\/wp\/v2\/types\/post"}],"author":[{"embeddable":true,"href":"https:\/\/blogs.univ-jfc.fr\/campsdusudouest\/wp-json\/wp\/v2\/users\/15"}],"replies":[{"embeddable":true,"href":"https:\/\/blogs.univ-jfc.fr\/campsdusudouest\/wp-json\/wp\/v2\/comments?post=1"}],"version-history":[{"count":4,"href":"https:\/\/blogs.univ-jfc.fr\/campsdusudouest\/wp-json\/wp\/v2\/posts\/1\/revisions"}],"predecessor-version":[{"id":219,"href":"https:\/\/blogs.univ-jfc.fr\/campsdusudouest\/wp-json\/wp\/v2\/posts\/1\/revisions\/219"}],"wp:attachment":[{"href":"https:\/\/blogs.univ-jfc.fr\/campsdusudouest\/wp-json\/wp\/v2\/media?parent=1"}],"wp:term":[{"taxonomy":"category","embeddable":true,"href":"https:\/\/blogs.univ-jfc.fr\/campsdusudouest\/wp-json\/wp\/v2\/categories?post=1"},{"taxonomy":"post_tag","embeddable":true,"href":"https:\/\/blogs.univ-jfc.fr\/campsdusudouest\/wp-json\/wp\/v2\/tags?post=1"}],"curies":[{"name":"wp","href":"https:\/\/api.w.org\/{rel}","templated":true}]}}