{"id":972,"date":"2018-09-12T07:39:52","date_gmt":"2018-09-12T06:39:52","guid":{"rendered":"http:\/\/blogs.univ-jfc.fr\/lproeauxbouesdechets\/?p=972"},"modified":"2018-12-09T07:42:34","modified_gmt":"2018-12-09T06:42:34","slug":"promotion-2018-19","status":"publish","type":"post","link":"https:\/\/blogs.univ-jfc.fr\/lproeauxbouesdechets\/2018\/09\/12\/promotion-2018-19\/","title":{"rendered":"Promotion 2018-19"},"content":{"rendered":"<p>La nouvelle promotion a fait sa rentr\u00e9e le 10 septembre. Tous sont dipl\u00f4m\u00e9.es de BTS Gemeau, BTS M\u00e9tiers de l&rsquo;eau, DUT G\u00e9nie biologique, BTS Anabiotech ou d&rsquo;une L2, ils ont pour projet de travailler dans le domaine de la gestion et du traitement des eaux ou des d\u00e9chets. Bienvenue \u00e0 Albi !<a href=\"http:\/\/blogs.univ-jfc.fr\/lproeauxbouesdechets\/wp-content\/uploads\/sites\/47\/2018\/12\/20180926_154136_resized_1.jpg\"><img loading=\"lazy\" class=\"size-medium wp-image-973 aligncenter\" src=\"http:\/\/blogs.univ-jfc.fr\/lproeauxbouesdechets\/wp-content\/uploads\/sites\/47\/2018\/12\/20180926_154136_resized_1-300x180.jpg\" alt=\"\" width=\"300\" height=\"180\" srcset=\"https:\/\/blogs.univ-jfc.fr\/lproeauxbouesdechets\/wp-content\/uploads\/sites\/47\/2018\/12\/20180926_154136_resized_1-300x180.jpg 300w, https:\/\/blogs.univ-jfc.fr\/lproeauxbouesdechets\/wp-content\/uploads\/sites\/47\/2018\/12\/20180926_154136_resized_1-768x461.jpg 768w, https:\/\/blogs.univ-jfc.fr\/lproeauxbouesdechets\/wp-content\/uploads\/sites\/47\/2018\/12\/20180926_154136_resized_1-1024x614.jpg 1024w, https:\/\/blogs.univ-jfc.fr\/lproeauxbouesdechets\/wp-content\/uploads\/sites\/47\/2018\/12\/20180926_154136_resized_1.jpg 1280w\" sizes=\"(max-width: 300px) 100vw, 300px\" \/><\/a><\/p>\n","protected":false},"excerpt":{"rendered":"<p>La nouvelle promotion a fait sa rentr\u00e9e le 10 septembre. Tous sont dipl\u00f4m\u00e9.es de BTS Gemeau, BTS M\u00e9tiers de l&rsquo;eau, DUT G\u00e9nie biologique, BTS Anabiotech ou d&rsquo;une L2, ils ont pour projet de travailler dans le domaine de la gestion et du traitement des eaux ou des d\u00e9chets. Bienvenue \u00e0 Albi !<\/p>\n","protected":false},"author":116,"featured_media":0,"comment_status":"closed","ping_status":"open","sticky":false,"template":"","format":"standard","meta":[],"categories":[1],"tags":[],"_links":{"self":[{"href":"https:\/\/blogs.univ-jfc.fr\/lproeauxbouesdechets\/wp-json\/wp\/v2\/posts\/972"}],"collection":[{"href":"https:\/\/blogs.univ-jfc.fr\/lproeauxbouesdechets\/wp-json\/wp\/v2\/posts"}],"about":[{"href":"https:\/\/blogs.univ-jfc.fr\/lproeauxbouesdechets\/wp-json\/wp\/v2\/types\/post"}],"author":[{"embeddable":true,"href":"https:\/\/blogs.univ-jfc.fr\/lproeauxbouesdechets\/wp-json\/wp\/v2\/users\/116"}],"replies":[{"embeddable":true,"href":"https:\/\/blogs.univ-jfc.fr\/lproeauxbouesdechets\/wp-json\/wp\/v2\/comments?post=972"}],"version-history":[{"count":3,"href":"https:\/\/blogs.univ-jfc.fr\/lproeauxbouesdechets\/wp-json\/wp\/v2\/posts\/972\/revisions"}],"predecessor-version":[{"id":976,"href":"https:\/\/blogs.univ-jfc.fr\/lproeauxbouesdechets\/wp-json\/wp\/v2\/posts\/972\/revisions\/976"}],"wp:attachment":[{"href":"https:\/\/blogs.univ-jfc.fr\/lproeauxbouesdechets\/wp-json\/wp\/v2\/media?parent=972"}],"wp:term":[{"taxonomy":"category","embeddable":true,"href":"https:\/\/blogs.univ-jfc.fr\/lproeauxbouesdechets\/wp-json\/wp\/v2\/categories?post=972"},{"taxonomy":"post_tag","embeddable":true,"href":"https:\/\/blogs.univ-jfc.fr\/lproeauxbouesdechets\/wp-json\/wp\/v2\/tags?post=972"}],"curies":[{"name":"wp","href":"https:\/\/api.w.org\/{rel}","templated":true}]}}