{"id":992,"date":"2019-03-01T15:46:31","date_gmt":"2019-03-01T14:46:31","guid":{"rendered":"http:\/\/blogs.univ-jfc.fr\/lproeauxbouesdechets\/?p=992"},"modified":"2019-09-12T16:00:43","modified_gmt":"2019-09-12T15:00:43","slug":"les-etudiants-acteurs-de-la-12eme-semaine-de-leau","status":"publish","type":"post","link":"https:\/\/blogs.univ-jfc.fr\/lproeauxbouesdechets\/2019\/03\/01\/les-etudiants-acteurs-de-la-12eme-semaine-de-leau\/","title":{"rendered":"Les \u00e9tudiants acteurs de la 12\u00e8me semaine de l&rsquo;eau"},"content":{"rendered":"<p>La 12\u00e8me semaine de l&rsquo;eau organis\u00e9e par le lyc\u00e9e Fonlabour d&rsquo;Albi, \u00e9tablissement partenaire de la licence professionnelle Eaux Boues D\u00e9chets, s&rsquo;est d\u00e9roul\u00e9e du 4 au 8 f\u00e9vrier. Elle a pour objectif de sensibiliser diff\u00e9rents publics \u00e0 la gestion durable de la ressource.<\/p>\n<p>Les \u00e9tudiants de la licence pro ont \u00e9t\u00e9 tr\u00e8s sollicit\u00e9s durant cette semaine. Ils ont tout d&rsquo;abord aid\u00e9 \u00e0 l&rsquo;organisation de la journ\u00e9e des m\u00e9tiers de l&rsquo;eau, le 7 f\u00e9vrier : accueil des professionnels et des visiteurs, mise en place des stands, pr\u00e9paration des conf\u00e9rences&#8230;<\/p>\n<p>D&rsquo;autres sont intervenus aupr\u00e8s de coll\u00e9giens autour d&rsquo;exp\u00e9riences scientifiques sur l&rsquo;eau : les \u00e9tats de l&rsquo;eau, les syst\u00e8mes \u00e9puratoires, visite de la zone humide de Fonlabour, etc.<\/p>\n<p>Ce projet leur a donn\u00e9 des comp\u00e9tences en montage de projet, communication et animation. Ils ont \u00e9galement rencontr\u00e9 des professionnels de l&rsquo;eau&#8230; et peut-\u00eatre leur futurs employeurs !<\/p>\n<div id='gallery-1' class='gallery galleryid-992 gallery-columns-3 gallery-size-thumbnail'><figure class='gallery-item'>\n\t\t\t<div class='gallery-icon landscape'>\n\t\t\t\t<a href='https:\/\/blogs.univ-jfc.fr\/lproeauxbouesdechets\/2019\/03\/01\/les-etudiants-acteurs-de-la-12eme-semaine-de-leau\/20190207_162017\/'><img width=\"150\" height=\"150\" src=\"https:\/\/blogs.univ-jfc.fr\/lproeauxbouesdechets\/wp-content\/uploads\/sites\/47\/2019\/09\/20190207_162017-150x150.jpg\" class=\"attachment-thumbnail size-thumbnail\" alt=\"\" loading=\"lazy\" aria-describedby=\"gallery-1-993\" \/><\/a>\n\t\t\t<\/div>\n\t\t\t\t<figcaption class='wp-caption-text gallery-caption' id='gallery-1-993'>\n\t\t\t\tLes \u00e9tudiants \u00e0 l&rsquo;accueil\n\t\t\t\t<\/figcaption><\/figure><figure class='gallery-item'>\n\t\t\t<div class='gallery-icon landscape'>\n\t\t\t\t<a href='https:\/\/blogs.univ-jfc.fr\/lproeauxbouesdechets\/2019\/03\/01\/les-etudiants-acteurs-de-la-12eme-semaine-de-leau\/20190207_084527\/'><img width=\"150\" height=\"150\" src=\"https:\/\/blogs.univ-jfc.fr\/lproeauxbouesdechets\/wp-content\/uploads\/sites\/47\/2019\/09\/20190207_084527-150x150.jpg\" class=\"attachment-thumbnail size-thumbnail\" alt=\"\" loading=\"lazy\" aria-describedby=\"gallery-1-994\" \/><\/a>\n\t\t\t<\/div>\n\t\t\t\t<figcaption class='wp-caption-text gallery-caption' id='gallery-1-994'>\n\t\t\t\tAccueil de la conf\u00e9rence\n\t\t\t\t<\/figcaption><\/figure><figure class='gallery-item'>\n\t\t\t<div class='gallery-icon landscape'>\n\t\t\t\t<a href='https:\/\/blogs.univ-jfc.fr\/lproeauxbouesdechets\/2019\/03\/01\/les-etudiants-acteurs-de-la-12eme-semaine-de-leau\/20190207_091101\/'><img width=\"150\" height=\"150\" src=\"https:\/\/blogs.univ-jfc.fr\/lproeauxbouesdechets\/wp-content\/uploads\/sites\/47\/2019\/09\/20190207_091101-150x150.jpg\" class=\"attachment-thumbnail size-thumbnail\" alt=\"\" loading=\"lazy\" aria-describedby=\"gallery-1-996\" \/><\/a>\n\t\t\t<\/div>\n\t\t\t\t<figcaption class='wp-caption-text gallery-caption' id='gallery-1-996'>\n\t\t\t\tIntervention lors de la conf\u00e9rence eau et \u00e9nergie\n\t\t\t\t<\/figcaption><\/figure><figure class='gallery-item'>\n\t\t\t<div class='gallery-icon landscape'>\n\t\t\t\t<a href='https:\/\/blogs.univ-jfc.fr\/lproeauxbouesdechets\/2019\/03\/01\/les-etudiants-acteurs-de-la-12eme-semaine-de-leau\/20190207_133047\/'><img width=\"150\" height=\"150\" src=\"https:\/\/blogs.univ-jfc.fr\/lproeauxbouesdechets\/wp-content\/uploads\/sites\/47\/2019\/09\/20190207_133047-150x150.jpg\" class=\"attachment-thumbnail size-thumbnail\" alt=\"\" loading=\"lazy\" aria-describedby=\"gallery-1-997\" \/><\/a>\n\t\t\t<\/div>\n\t\t\t\t<figcaption class='wp-caption-text gallery-caption' id='gallery-1-997'>\n\t\t\t\tAccueil des anciens \u00e9tudiants de BTS Gemeau\n\t\t\t\t<\/figcaption><\/figure><figure class='gallery-item'>\n\t\t\t<div class='gallery-icon landscape'>\n\t\t\t\t<a href='https:\/\/blogs.univ-jfc.fr\/lproeauxbouesdechets\/2019\/03\/01\/les-etudiants-acteurs-de-la-12eme-semaine-de-leau\/img-20190208-wa0016\/'><img width=\"150\" height=\"150\" src=\"https:\/\/blogs.univ-jfc.fr\/lproeauxbouesdechets\/wp-content\/uploads\/sites\/47\/2019\/09\/IMG-20190208-WA0016-150x150.jpg\" class=\"attachment-thumbnail size-thumbnail\" alt=\"\" loading=\"lazy\" \/><\/a>\n\t\t\t<\/div><\/figure>\n\t\t<\/div>\n\n<p>&nbsp;<\/p>\n","protected":false},"excerpt":{"rendered":"<p>La 12\u00e8me semaine de l&rsquo;eau organis\u00e9e par le lyc\u00e9e Fonlabour d&rsquo;Albi, \u00e9tablissement partenaire de la licence professionnelle Eaux Boues D\u00e9chets, s&rsquo;est d\u00e9roul\u00e9e du 4 au 8 f\u00e9vrier. Elle a pour objectif de sensibiliser diff\u00e9rents publics \u00e0 la gestion durable de la ressource. Les \u00e9tudiants de la licence pro ont \u00e9t\u00e9 tr\u00e8s sollicit\u00e9s durant cette semaine. &hellip; <a href=\"https:\/\/blogs.univ-jfc.fr\/lproeauxbouesdechets\/2019\/03\/01\/les-etudiants-acteurs-de-la-12eme-semaine-de-leau\/\" class=\"more-link\">Continuer la lecture de <span class=\"screen-reader-text\">Les \u00e9tudiants acteurs de la 12\u00e8me semaine de l&rsquo;eau<\/span> <span class=\"meta-nav\">&rarr;<\/span><\/a><\/p>\n","protected":false},"author":116,"featured_media":0,"comment_status":"closed","ping_status":"open","sticky":false,"template":"","format":"standard","meta":[],"categories":[24,20],"tags":[10,17,22],"_links":{"self":[{"href":"https:\/\/blogs.univ-jfc.fr\/lproeauxbouesdechets\/wp-json\/wp\/v2\/posts\/992"}],"collection":[{"href":"https:\/\/blogs.univ-jfc.fr\/lproeauxbouesdechets\/wp-json\/wp\/v2\/posts"}],"about":[{"href":"https:\/\/blogs.univ-jfc.fr\/lproeauxbouesdechets\/wp-json\/wp\/v2\/types\/post"}],"author":[{"embeddable":true,"href":"https:\/\/blogs.univ-jfc.fr\/lproeauxbouesdechets\/wp-json\/wp\/v2\/users\/116"}],"replies":[{"embeddable":true,"href":"https:\/\/blogs.univ-jfc.fr\/lproeauxbouesdechets\/wp-json\/wp\/v2\/comments?post=992"}],"version-history":[{"count":2,"href":"https:\/\/blogs.univ-jfc.fr\/lproeauxbouesdechets\/wp-json\/wp\/v2\/posts\/992\/revisions"}],"predecessor-version":[{"id":1000,"href":"https:\/\/blogs.univ-jfc.fr\/lproeauxbouesdechets\/wp-json\/wp\/v2\/posts\/992\/revisions\/1000"}],"wp:attachment":[{"href":"https:\/\/blogs.univ-jfc.fr\/lproeauxbouesdechets\/wp-json\/wp\/v2\/media?parent=992"}],"wp:term":[{"taxonomy":"category","embeddable":true,"href":"https:\/\/blogs.univ-jfc.fr\/lproeauxbouesdechets\/wp-json\/wp\/v2\/categories?post=992"},{"taxonomy":"post_tag","embeddable":true,"href":"https:\/\/blogs.univ-jfc.fr\/lproeauxbouesdechets\/wp-json\/wp\/v2\/tags?post=992"}],"curies":[{"name":"wp","href":"https:\/\/api.w.org\/{rel}","templated":true}]}}