{"id":197,"date":"2024-08-27T15:43:47","date_gmt":"2024-08-27T13:43:47","guid":{"rendered":"https:\/\/blogs.univ-jfc.fr\/suaps\/?p=197"},"modified":"2025-09-29T16:42:24","modified_gmt":"2025-09-29T14:42:24","slug":"tir-a-larc","status":"publish","type":"post","link":"https:\/\/blogs.univ-jfc.fr\/suaps\/2024\/08\/27\/tir-a-larc\/","title":{"rendered":"Tir \u00e0 l&rsquo;Arc"},"content":{"rendered":"\n<h2>Pr\u00e9sentation<\/h2>\n\n\n\n<h3><strong>Pr\u00e9requis<\/strong><\/h3>\n\n\n\n<p>Pas de pr\u00e9requis, niveau d\u00e9butant \u00e0 expert<\/p>\n\n\n\n<h3><strong>Accessibilit\u00e9<\/strong><\/h3>\n\n\n\n<p>Accessible aux \u00e9tudiant.e.s en situation de handicap sous r\u00e9serve d&rsquo;adaptation possible au handicap.<\/p>\n\n\n\n<h2><strong><strong>Mat\u00e9riel personnel n\u00e9cessaire<\/strong><\/strong><\/h2>\n\n\n\n<p>Tenue de sport classique. <\/p>\n\n\n\n<h2><strong>Objectif du cours<\/strong><\/h2>\n\n\n\n<p>Le cycle conduira les \u00e9tudiant.e.s \u00e0 conna\u00eetre les param\u00e8tres et les postures pour avoir un tir r\u00e9gulier et r\u00e9duire leur zone de performance, ils seront conduits \u00e0 ressentir les placements et les mobilisations des segments, et \u00e0 entretenir leur concentration. Les tirs se font dans un premier temps \u00e0 10m, puis \u00e0 18m dans un second temps. Les \u00e9tudiant.e.s confirm\u00e9.e.s ou expert.e.s pourront \u00e9ventuellement tirer sur des distances sup\u00e9rieures.<\/p>\n\n\n\n<p>Cr\u00e9er des liens privil\u00e9gi\u00e9s avec les autres \u00e9tudiant&nbsp;.e.s du cours, entraide et d\u00e9fis ludiques.<\/p>\n\n\n\n<h3><strong>Comp\u00e9tences<\/strong><\/h3>\n\n\n\n<ul><li>Principes techniques pour gagner en r\u00e9gularit\u00e9 et s&rsquo;\u00e9conomiser.<\/li><li>Apprendre la gestuelle pour contr\u00f4ler les nombreux param\u00e8tres du tir \u00e0 l&rsquo;arc.<\/li><li>Devenir autonome sur la mise en rapport des param\u00e8tres mat\u00e9riel du tir (avec\/sans viseur, tension de la corde&#8230;), sa gestuelle, et les r\u00e9sultats du tir.<\/li><li>Conna\u00eetre les r\u00e8gles de s\u00e9curit\u00e9 pour \u00eatre autonome dans sa pratique sur un pas de tir.<\/li><li>D\u00e9velopper les capacit\u00e9s de concentration sp\u00e9cifiques au tir \u00e0 l&rsquo;arc.<\/li><\/ul>\n\n\n\n<h2><strong>Enseignant responsable<\/strong><\/h2>\n\n\n\n<p>Patrick CLERC<\/p>\n","protected":false},"excerpt":{"rendered":"<p>Pr\u00e9sentation Pr\u00e9requis Pas de pr\u00e9requis, niveau d\u00e9butant \u00e0 expert Accessibilit\u00e9 Accessible aux \u00e9tudiant.e.s en situation de handicap sous r\u00e9serve d&rsquo;adaptation possible au handicap. Mat\u00e9riel personnel n\u00e9cessaire Tenue de sport classique. Objectif du cours Le cycle conduira les \u00e9tudiant.e.s \u00e0 conna\u00eetre les param\u00e8tres et les postures pour avoir un tir r\u00e9gulier et r\u00e9duire leur zone de [&hellip;]<\/p>\n","protected":false},"author":879,"featured_media":105,"comment_status":"closed","ping_status":"closed","sticky":false,"template":"","format":"standard","meta":[],"categories":[5],"tags":[],"_links":{"self":[{"href":"https:\/\/blogs.univ-jfc.fr\/suaps\/wp-json\/wp\/v2\/posts\/197"}],"collection":[{"href":"https:\/\/blogs.univ-jfc.fr\/suaps\/wp-json\/wp\/v2\/posts"}],"about":[{"href":"https:\/\/blogs.univ-jfc.fr\/suaps\/wp-json\/wp\/v2\/types\/post"}],"author":[{"embeddable":true,"href":"https:\/\/blogs.univ-jfc.fr\/suaps\/wp-json\/wp\/v2\/users\/879"}],"replies":[{"embeddable":true,"href":"https:\/\/blogs.univ-jfc.fr\/suaps\/wp-json\/wp\/v2\/comments?post=197"}],"version-history":[{"count":3,"href":"https:\/\/blogs.univ-jfc.fr\/suaps\/wp-json\/wp\/v2\/posts\/197\/revisions"}],"predecessor-version":[{"id":749,"href":"https:\/\/blogs.univ-jfc.fr\/suaps\/wp-json\/wp\/v2\/posts\/197\/revisions\/749"}],"wp:featuredmedia":[{"embeddable":true,"href":"https:\/\/blogs.univ-jfc.fr\/suaps\/wp-json\/wp\/v2\/media\/105"}],"wp:attachment":[{"href":"https:\/\/blogs.univ-jfc.fr\/suaps\/wp-json\/wp\/v2\/media?parent=197"}],"wp:term":[{"taxonomy":"category","embeddable":true,"href":"https:\/\/blogs.univ-jfc.fr\/suaps\/wp-json\/wp\/v2\/categories?post=197"},{"taxonomy":"post_tag","embeddable":true,"href":"https:\/\/blogs.univ-jfc.fr\/suaps\/wp-json\/wp\/v2\/tags?post=197"}],"curies":[{"name":"wp","href":"https:\/\/api.w.org\/{rel}","templated":true}]}}