{"id":843,"date":"2026-03-27T10:57:49","date_gmt":"2026-03-27T09:57:49","guid":{"rendered":"https:\/\/blogs.univ-jfc.fr\/suaps\/?p=843"},"modified":"2026-04-09T09:02:01","modified_gmt":"2026-04-09T07:02:01","slug":"cycle-apprentissage-de-la-natation-du-27-04-au-02-05-albi","status":"publish","type":"post","link":"https:\/\/blogs.univ-jfc.fr\/suaps\/2026\/03\/27\/cycle-apprentissage-de-la-natation-du-27-04-au-02-05-albi\/","title":{"rendered":"Cycle APPRENTISSAGE DE LA NATATION du 27\/04 au 30\/04 &#8211; Albi"},"content":{"rendered":"\n<h2>Pr\u00e9sentation<\/h2>\n\n\n\n<p>Vous \u00eates \u00e9tudiant et vous souhaitez apprendre \u00e0 nager, mais vous ne savez pas par o\u00f9 commencer ? Vous avez particip\u00e9 au premier cycle \u00e0 la Toussaint et souhaitez d\u00e9velopper votre pratique? Bonne nouvelle : un nouveau cycle d&rsquo;apprentissage de la natation, enti\u00e8rement gratuit et ouvert \u00e0 tous, est de nouveau organis\u00e9 en partenariat avec le CROUS de Toulouse-Occitanie.<br>Sur 4 s\u00e9ances, vous aurez l\u2019opportunit\u00e9 de d\u00e9couvrir cette activit\u00e9, de vous familiariser avec le milieu aquatique en toute s\u00e9curit\u00e9 et ainsi d&rsquo;acqu\u00e9rir les comp\u00e9tences du \u00ab\u00a0savoir nager\u00a0\u00bb(= comp\u00e9tence \u00e0 nager en s\u00e9curit\u00e9) ou tout simplement de continuer \u00e0 d\u00e9velopper votre apprentissage.<\/p>\n\n\n\n<h3>Un cycle de 4 s\u00e9ances pour d\u00e9butants ou confirm\u00e9s<\/h3>\n\n\n\n<p>Ce cycle est con\u00e7u pour accompagner les \u00e9tudiants <strong>qui n\u2019ont jamais<\/strong> ou peu pratiqu\u00e9 la natation. <\/p>\n\n\n\n<p>Pour cela 4 s\u00e9ances sont programm\u00e9es, les apr\u00e8s-midis (de 17h30 \u00e0 18h30) pendant la semaine de vacance entre le lundi 27 avril et le jeudi 30 avril. Les s\u00e9ances se d\u00e9roulent \u00e0 la piscine Atlantis, accessible en bus depuis l&rsquo;universit\u00e9.<\/p>\n\n\n\n<p>Chaque s\u00e9ance, d&rsquo;une dur\u00e9e d&rsquo;1h00, encadr\u00e9e par un ma\u00eetre-nageur, vous guidera vers l&rsquo;apprentissage de la natation : vous apprendrez d\u2019abord \u00e0 ma\u00eetriser la respiration, \u00e0 flotter, puis \u00e0 r\u00e9aliser des mouvements simples de nage, en insistant sur la s\u00e9curit\u00e9 et la confiance en soi dans l\u2019eau. \u00c0 la fin du cycle, vous serez capable de nager quelques longueurs en toute autonomie.<\/p>\n\n\n\n<p>Les \u00e9tudiants qui ont d\u00e9j\u00e0 pris part au premier cycle organis\u00e9 pendant les vacances d&rsquo;octobre, seront encadr\u00e9s par nos soins, pour continuer le travail engag\u00e9 la derni\u00e8re fois.<\/p>\n\n\n\n<p><em>NB:<\/em> <strong>l&rsquo;inscription vaut pour les 4 s\u00e9ances<\/strong>. Ce cycle n&rsquo;a de sens que si vous vous engagez enti\u00e8rement.<\/p>\n\n\n\n<h3>Participer \u00e0 ce cycle d\u2019apprentissage offre:<\/h3>\n\n\n\n<p><strong>Renforcement de la confiance en soi<\/strong> : apprendre \u00e0 nager dans un environnement s\u00e9curis\u00e9 permet de d\u00e9passer ses peurs et d\u2019acqu\u00e9rir une nouvelle comp\u00e9tence.<\/p>\n\n\n\n<p><strong>Socialisation et convivialit\u00e9<\/strong> : les s\u00e9ances se d\u00e9roulent dans un cadre collectif, propice aux rencontres et \u00e0 l\u2019\u00e9change avec d\u2019autres \u00e9tudiants.<\/p>\n\n\n\n<p><strong>Accessibilit\u00e9 et inclusivit\u00e9<\/strong> : la gratuit\u00e9 et l\u2019ouverture \u00e0 tous facilitent l\u2019acc\u00e8s \u00e0 la pratique aquatique pour ceux qui n\u2019ont pas encore eu l\u2019opportunit\u00e9 de s\u2019y initier.<\/p>\n\n\n\n<h3>Mat\u00e9riel personnel n\u00e9cessaire:<\/h3>\n\n\n\n<p>Maillots de bain (short interdit), serviette, une pi\u00e8ce (1 ou 2 euros) pour les casiers des vestiaires. Une gourde \u00e9ventuellement.<\/p>\n\n\n\n<p>Action financ\u00e9e par la CVEC en partenariat avec le Crous Toulouse-Occitanie.<\/p>\n","protected":false},"excerpt":{"rendered":"<p>Pr\u00e9sentation Vous \u00eates \u00e9tudiant et vous souhaitez apprendre \u00e0 nager, mais vous ne savez pas par o\u00f9 commencer ? Vous avez particip\u00e9 au premier cycle \u00e0 la Toussaint et souhaitez d\u00e9velopper votre pratique? Bonne nouvelle : un nouveau cycle d&rsquo;apprentissage de la natation, enti\u00e8rement gratuit et ouvert \u00e0 tous, est de nouveau organis\u00e9 en partenariat [&hellip;]<\/p>\n","protected":false},"author":879,"featured_media":757,"comment_status":"closed","ping_status":"closed","sticky":false,"template":"","format":"standard","meta":[],"categories":[2,8],"tags":[],"_links":{"self":[{"href":"https:\/\/blogs.univ-jfc.fr\/suaps\/wp-json\/wp\/v2\/posts\/843"}],"collection":[{"href":"https:\/\/blogs.univ-jfc.fr\/suaps\/wp-json\/wp\/v2\/posts"}],"about":[{"href":"https:\/\/blogs.univ-jfc.fr\/suaps\/wp-json\/wp\/v2\/types\/post"}],"author":[{"embeddable":true,"href":"https:\/\/blogs.univ-jfc.fr\/suaps\/wp-json\/wp\/v2\/users\/879"}],"replies":[{"embeddable":true,"href":"https:\/\/blogs.univ-jfc.fr\/suaps\/wp-json\/wp\/v2\/comments?post=843"}],"version-history":[{"count":8,"href":"https:\/\/blogs.univ-jfc.fr\/suaps\/wp-json\/wp\/v2\/posts\/843\/revisions"}],"predecessor-version":[{"id":876,"href":"https:\/\/blogs.univ-jfc.fr\/suaps\/wp-json\/wp\/v2\/posts\/843\/revisions\/876"}],"wp:featuredmedia":[{"embeddable":true,"href":"https:\/\/blogs.univ-jfc.fr\/suaps\/wp-json\/wp\/v2\/media\/757"}],"wp:attachment":[{"href":"https:\/\/blogs.univ-jfc.fr\/suaps\/wp-json\/wp\/v2\/media?parent=843"}],"wp:term":[{"taxonomy":"category","embeddable":true,"href":"https:\/\/blogs.univ-jfc.fr\/suaps\/wp-json\/wp\/v2\/categories?post=843"},{"taxonomy":"post_tag","embeddable":true,"href":"https:\/\/blogs.univ-jfc.fr\/suaps\/wp-json\/wp\/v2\/tags?post=843"}],"curies":[{"name":"wp","href":"https:\/\/api.w.org\/{rel}","templated":true}]}}