{"id":1000,"date":"2019-03-14T13:35:39","date_gmt":"2019-03-14T12:35:39","guid":{"rendered":"http:\/\/blogs.univ-jfc.fr\/universitas\/?p=1000"},"modified":"2019-03-14T16:08:21","modified_gmt":"2019-03-14T15:08:21","slug":"ref-1991","status":"publish","type":"post","link":"https:\/\/blogs.univ-jfc.fr\/universitas\/2019\/03\/14\/ref-1991\/","title":{"rendered":"REF. 1991 &#8211;  Moines, chanoines et coll\u00e8ges r\u00e9guliers dans les universit\u00e9s du Midi \u00e0 la fin du Moyen \u00c2ge"},"content":{"rendered":"<p>VERGER, Jacques, \u00ab\u00a0Moines, chanoines et coll\u00e8ges r\u00e9guliers dans les universit\u00e9s du Midi \u00e0 la fin du Moyen \u00c2ge\u00a0\u00bb, dans <em>Naissance et fonctionnement des r\u00e9seaux monastiques et canoniaux<\/em>, Saint-\u00c9tienne, Publ. de l\u2019Universit\u00e9 Jean-Monnet, 1991, p.\u00a051-542.<\/p>\n<p>&nbsp;<\/p>\n","protected":false},"excerpt":{"rendered":"<p>VERGER, Jacques, \u00ab\u00a0Moines, chanoines et coll\u00e8ges r\u00e9guliers dans les universit\u00e9s du Midi \u00e0 la fin du Moyen \u00c2ge\u00a0\u00bb, dans Naissance et fonctionnement des r\u00e9seaux monastiques et canoniaux, Saint-\u00c9tienne, Publ. de l\u2019Universit\u00e9 Jean-Monnet, 1991, p.\u00a051-542. &nbsp;<\/p>\n","protected":false},"author":19,"featured_media":0,"comment_status":"closed","ping_status":"closed","sticky":false,"template":"","format":"standard","meta":[],"categories":[113,14,28],"tags":[],"_links":{"self":[{"href":"https:\/\/blogs.univ-jfc.fr\/universitas\/wp-json\/wp\/v2\/posts\/1000"}],"collection":[{"href":"https:\/\/blogs.univ-jfc.fr\/universitas\/wp-json\/wp\/v2\/posts"}],"about":[{"href":"https:\/\/blogs.univ-jfc.fr\/universitas\/wp-json\/wp\/v2\/types\/post"}],"author":[{"embeddable":true,"href":"https:\/\/blogs.univ-jfc.fr\/universitas\/wp-json\/wp\/v2\/users\/19"}],"replies":[{"embeddable":true,"href":"https:\/\/blogs.univ-jfc.fr\/universitas\/wp-json\/wp\/v2\/comments?post=1000"}],"version-history":[{"count":2,"href":"https:\/\/blogs.univ-jfc.fr\/universitas\/wp-json\/wp\/v2\/posts\/1000\/revisions"}],"predecessor-version":[{"id":1060,"href":"https:\/\/blogs.univ-jfc.fr\/universitas\/wp-json\/wp\/v2\/posts\/1000\/revisions\/1060"}],"wp:attachment":[{"href":"https:\/\/blogs.univ-jfc.fr\/universitas\/wp-json\/wp\/v2\/media?parent=1000"}],"wp:term":[{"taxonomy":"category","embeddable":true,"href":"https:\/\/blogs.univ-jfc.fr\/universitas\/wp-json\/wp\/v2\/categories?post=1000"},{"taxonomy":"post_tag","embeddable":true,"href":"https:\/\/blogs.univ-jfc.fr\/universitas\/wp-json\/wp\/v2\/tags?post=1000"}],"curies":[{"name":"wp","href":"https:\/\/api.w.org\/{rel}","templated":true}]}}