{"id":1218,"date":"2019-03-16T08:19:28","date_gmt":"2019-03-16T07:19:28","guid":{"rendered":"http:\/\/blogs.univ-jfc.fr\/universitas\/?p=1218"},"modified":"2019-03-16T08:19:28","modified_gmt":"2019-03-16T07:19:28","slug":"ref-2009-pistes-pour-une-histoire-de-la-bibliotheque-universitaire-de-droit-au-xixe-siecle","status":"publish","type":"post","link":"https:\/\/blogs.univ-jfc.fr\/universitas\/2019\/03\/16\/ref-2009-pistes-pour-une-histoire-de-la-bibliotheque-universitaire-de-droit-au-xixe-siecle\/","title":{"rendered":"REF. 2009 &#8211; Pistes pour une histoire de la Biblioth\u00e8que universitaire de droit au XIXe si\u00e8cle"},"content":{"rendered":"<p>&nbsp;<\/p>\n<p>MOURANCHE, Marielle,\u00a0 \u00ab\u00a0Quelques pistes pour une histoire de la Biblioth\u00e8que universitaire de droit \u00e0 Toulouse au XIXe si\u00e8cle\u00a0\u00bb dans Philippe N\u00e9lidoff (dir.), \u00ab\u00a0Les facult\u00e9s de droit de province au XIXe si\u00e8cle. Bilan et perspective de la recherche\u00a0\u00bb, Etudes d&rsquo;histoire du droit et des id\u00e9es politiques, Toulouse, Presses universitaires de Toulouse 1, n\u00b0 13\/2009, p. 187-200.<\/p>\n","protected":false},"excerpt":{"rendered":"<p>&nbsp; MOURANCHE, Marielle,\u00a0 \u00ab\u00a0Quelques pistes pour une histoire de la Biblioth\u00e8que universitaire de droit \u00e0 Toulouse au XIXe si\u00e8cle\u00a0\u00bb dans Philippe N\u00e9lidoff (dir.), \u00ab\u00a0Les facult\u00e9s de droit de province au XIXe si\u00e8cle. Bilan et perspective de la recherche\u00a0\u00bb, Etudes d&rsquo;histoire du droit et des id\u00e9es politiques, Toulouse, Presses universitaires de Toulouse 1, n\u00b0 13\/2009, p. &hellip; <a href=\"https:\/\/blogs.univ-jfc.fr\/universitas\/2019\/03\/16\/ref-2009-pistes-pour-une-histoire-de-la-bibliotheque-universitaire-de-droit-au-xixe-siecle\/\" class=\"more-link\">Continuer la lecture de <span class=\"screen-reader-text\">REF. 2009 &#8211; Pistes pour une histoire de la Biblioth\u00e8que universitaire de droit au XIXe si\u00e8cle<\/span> <span class=\"meta-nav\">&rarr;<\/span><\/a><\/p>\n","protected":false},"author":19,"featured_media":0,"comment_status":"closed","ping_status":"closed","sticky":false,"template":"","format":"standard","meta":[],"categories":[45,52,31],"tags":[],"_links":{"self":[{"href":"https:\/\/blogs.univ-jfc.fr\/universitas\/wp-json\/wp\/v2\/posts\/1218"}],"collection":[{"href":"https:\/\/blogs.univ-jfc.fr\/universitas\/wp-json\/wp\/v2\/posts"}],"about":[{"href":"https:\/\/blogs.univ-jfc.fr\/universitas\/wp-json\/wp\/v2\/types\/post"}],"author":[{"embeddable":true,"href":"https:\/\/blogs.univ-jfc.fr\/universitas\/wp-json\/wp\/v2\/users\/19"}],"replies":[{"embeddable":true,"href":"https:\/\/blogs.univ-jfc.fr\/universitas\/wp-json\/wp\/v2\/comments?post=1218"}],"version-history":[{"count":1,"href":"https:\/\/blogs.univ-jfc.fr\/universitas\/wp-json\/wp\/v2\/posts\/1218\/revisions"}],"predecessor-version":[{"id":1219,"href":"https:\/\/blogs.univ-jfc.fr\/universitas\/wp-json\/wp\/v2\/posts\/1218\/revisions\/1219"}],"wp:attachment":[{"href":"https:\/\/blogs.univ-jfc.fr\/universitas\/wp-json\/wp\/v2\/media?parent=1218"}],"wp:term":[{"taxonomy":"category","embeddable":true,"href":"https:\/\/blogs.univ-jfc.fr\/universitas\/wp-json\/wp\/v2\/categories?post=1218"},{"taxonomy":"post_tag","embeddable":true,"href":"https:\/\/blogs.univ-jfc.fr\/universitas\/wp-json\/wp\/v2\/tags?post=1218"}],"curies":[{"name":"wp","href":"https:\/\/api.w.org\/{rel}","templated":true}]}}