{"id":1222,"date":"2019-03-16T08:23:58","date_gmt":"2019-03-16T07:23:58","guid":{"rendered":"http:\/\/blogs.univ-jfc.fr\/universitas\/?p=1222"},"modified":"2019-03-16T08:23:58","modified_gmt":"2019-03-16T07:23:58","slug":"ref-2003-larchitecture-des-facultes-a-toulouse-de-la-revolution-a-la-fin-du-xixe-siecle","status":"publish","type":"post","link":"https:\/\/blogs.univ-jfc.fr\/universitas\/2019\/03\/16\/ref-2003-larchitecture-des-facultes-a-toulouse-de-la-revolution-a-la-fin-du-xixe-siecle\/","title":{"rendered":"REF. 2003 &#8211; L&rsquo;architecture des facult\u00e9s \u00e0 Toulouse, de la R\u00e9volution \u00e0 la fin du XIXe si\u00e8cle"},"content":{"rendered":"<p>MOUSSAY, Sonia, <em>L&rsquo;architecture des facult\u00e9s \u00e0 Toulouse, de la R\u00e9volution \u00e0 la fin du XIXe si\u00e8cle<\/em>, m\u00e9moire de ma\u00eetrise d&rsquo;histoire, Lorient, Universit\u00e9 de Bretagne sud, 2003.<\/p>\n","protected":false},"excerpt":{"rendered":"<p>MOUSSAY, Sonia, L&rsquo;architecture des facult\u00e9s \u00e0 Toulouse, de la R\u00e9volution \u00e0 la fin du XIXe si\u00e8cle, m\u00e9moire de ma\u00eetrise d&rsquo;histoire, Lorient, Universit\u00e9 de Bretagne sud, 2003.<\/p>\n","protected":false},"author":19,"featured_media":0,"comment_status":"closed","ping_status":"closed","sticky":false,"template":"","format":"standard","meta":[],"categories":[23,87,31],"tags":[],"_links":{"self":[{"href":"https:\/\/blogs.univ-jfc.fr\/universitas\/wp-json\/wp\/v2\/posts\/1222"}],"collection":[{"href":"https:\/\/blogs.univ-jfc.fr\/universitas\/wp-json\/wp\/v2\/posts"}],"about":[{"href":"https:\/\/blogs.univ-jfc.fr\/universitas\/wp-json\/wp\/v2\/types\/post"}],"author":[{"embeddable":true,"href":"https:\/\/blogs.univ-jfc.fr\/universitas\/wp-json\/wp\/v2\/users\/19"}],"replies":[{"embeddable":true,"href":"https:\/\/blogs.univ-jfc.fr\/universitas\/wp-json\/wp\/v2\/comments?post=1222"}],"version-history":[{"count":1,"href":"https:\/\/blogs.univ-jfc.fr\/universitas\/wp-json\/wp\/v2\/posts\/1222\/revisions"}],"predecessor-version":[{"id":1223,"href":"https:\/\/blogs.univ-jfc.fr\/universitas\/wp-json\/wp\/v2\/posts\/1222\/revisions\/1223"}],"wp:attachment":[{"href":"https:\/\/blogs.univ-jfc.fr\/universitas\/wp-json\/wp\/v2\/media?parent=1222"}],"wp:term":[{"taxonomy":"category","embeddable":true,"href":"https:\/\/blogs.univ-jfc.fr\/universitas\/wp-json\/wp\/v2\/categories?post=1222"},{"taxonomy":"post_tag","embeddable":true,"href":"https:\/\/blogs.univ-jfc.fr\/universitas\/wp-json\/wp\/v2\/tags?post=1222"}],"curies":[{"name":"wp","href":"https:\/\/api.w.org\/{rel}","templated":true}]}}