{"id":1517,"date":"2019-03-18T18:51:58","date_gmt":"2019-03-18T17:51:58","guid":{"rendered":"http:\/\/blogs.univ-jfc.fr\/universitas\/?p=1517"},"modified":"2019-03-18T18:51:58","modified_gmt":"2019-03-18T17:51:58","slug":"ref-1994-la-fin-de-lhegemonie-toulousaine-ou-lapparition-dun-nouveau-systeme-local-denseignement-superieur","status":"publish","type":"post","link":"https:\/\/blogs.univ-jfc.fr\/universitas\/2019\/03\/18\/ref-1994-la-fin-de-lhegemonie-toulousaine-ou-lapparition-dun-nouveau-systeme-local-denseignement-superieur\/","title":{"rendered":"REF. 1994 &#8211; La fin de l\u2019h\u00e9g\u00e9monie toulousaine ou l\u2019apparition d\u2019un nouveau syst\u00e8me local d\u2019enseignement sup\u00e9rieur"},"content":{"rendered":"<p>&nbsp;<\/p>\n<p>Daniel\u00a0Fil\u00e2tre, \u00ab\u00a0La fin de l\u2019h\u00e9g\u00e9monie toulousaine ou l\u2019apparition d\u2019un nouveau syst\u00e8me local d\u2019enseignement sup\u00e9rieur\u00a0\u00bb, dans Michel\u00a0Grossetti, <em>Universit\u00e9 et territoire\u00a0: un syste\u0300me local d\u2019enseignement sup\u00e9rieur, Toulouse et Midi-Pyr\u00e9n\u00e9es<\/em>, Toulouse, PUM, 1994, chap.\u00a06, p.\u00a0181 et suivantes.<\/p>\n","protected":false},"excerpt":{"rendered":"<p>&nbsp; Daniel\u00a0Fil\u00e2tre, \u00ab\u00a0La fin de l\u2019h\u00e9g\u00e9monie toulousaine ou l\u2019apparition d\u2019un nouveau syst\u00e8me local d\u2019enseignement sup\u00e9rieur\u00a0\u00bb, dans Michel\u00a0Grossetti, Universit\u00e9 et territoire\u00a0: un syste\u0300me local d\u2019enseignement sup\u00e9rieur, Toulouse et Midi-Pyr\u00e9n\u00e9es, Toulouse, PUM, 1994, chap.\u00a06, p.\u00a0181 et suivantes.<\/p>\n","protected":false},"author":19,"featured_media":0,"comment_status":"closed","ping_status":"closed","sticky":false,"template":"","format":"standard","meta":[],"categories":[4],"tags":[],"_links":{"self":[{"href":"https:\/\/blogs.univ-jfc.fr\/universitas\/wp-json\/wp\/v2\/posts\/1517"}],"collection":[{"href":"https:\/\/blogs.univ-jfc.fr\/universitas\/wp-json\/wp\/v2\/posts"}],"about":[{"href":"https:\/\/blogs.univ-jfc.fr\/universitas\/wp-json\/wp\/v2\/types\/post"}],"author":[{"embeddable":true,"href":"https:\/\/blogs.univ-jfc.fr\/universitas\/wp-json\/wp\/v2\/users\/19"}],"replies":[{"embeddable":true,"href":"https:\/\/blogs.univ-jfc.fr\/universitas\/wp-json\/wp\/v2\/comments?post=1517"}],"version-history":[{"count":1,"href":"https:\/\/blogs.univ-jfc.fr\/universitas\/wp-json\/wp\/v2\/posts\/1517\/revisions"}],"predecessor-version":[{"id":1518,"href":"https:\/\/blogs.univ-jfc.fr\/universitas\/wp-json\/wp\/v2\/posts\/1517\/revisions\/1518"}],"wp:attachment":[{"href":"https:\/\/blogs.univ-jfc.fr\/universitas\/wp-json\/wp\/v2\/media?parent=1517"}],"wp:term":[{"taxonomy":"category","embeddable":true,"href":"https:\/\/blogs.univ-jfc.fr\/universitas\/wp-json\/wp\/v2\/categories?post=1517"},{"taxonomy":"post_tag","embeddable":true,"href":"https:\/\/blogs.univ-jfc.fr\/universitas\/wp-json\/wp\/v2\/tags?post=1517"}],"curies":[{"name":"wp","href":"https:\/\/api.w.org\/{rel}","templated":true}]}}