{"id":1630,"date":"2019-03-22T17:18:03","date_gmt":"2019-03-22T16:18:03","guid":{"rendered":"http:\/\/blogs.univ-jfc.fr\/universitas\/?p=1630"},"modified":"2019-03-22T17:22:31","modified_gmt":"2019-03-22T16:22:31","slug":"expo-2007-histoire-et-richesses-de-la-bibliotheque-de-theologie-protestante-de-montauban","status":"publish","type":"post","link":"https:\/\/blogs.univ-jfc.fr\/universitas\/2019\/03\/22\/expo-2007-histoire-et-richesses-de-la-bibliotheque-de-theologie-protestante-de-montauban\/","title":{"rendered":"EXPO 2007 &#8211; Histoire et richesses de la biblioth\u00e8que de th\u00e9ologie protestante de Montauban"},"content":{"rendered":"<p>&nbsp;<\/p>\n<p><em>Histoire et richesses de la biblioth\u00e8que de th\u00e9ologie protestante de Montauban<\/em> [catalogue de l&rsquo;exposition, Toulouse, SCD de Toulouse 1, Biblioth\u00e8que universitaire de l\u2019Arsenal, 2-31 octobre 2007, Montpellier, Facult\u00e9 de th\u00e9ologie protestante, 7 novembre-15 d\u00e9cembre 2007]. Toulouse : Service inter\u00e9tablissement de coop\u00e9ration documentaire de Toulouse , 2007.<\/p>\n","protected":false},"excerpt":{"rendered":"<p>&nbsp; Histoire et richesses de la biblioth\u00e8que de th\u00e9ologie protestante de Montauban [catalogue de l&rsquo;exposition, Toulouse, SCD de Toulouse 1, Biblioth\u00e8que universitaire de l\u2019Arsenal, 2-31 octobre 2007, Montpellier, Facult\u00e9 de th\u00e9ologie protestante, 7 novembre-15 d\u00e9cembre 2007]. Toulouse : Service inter\u00e9tablissement de coop\u00e9ration documentaire de Toulouse , 2007.<\/p>\n","protected":false},"author":19,"featured_media":0,"comment_status":"closed","ping_status":"closed","sticky":false,"template":"","format":"standard","meta":[],"categories":[45,57,31],"tags":[],"_links":{"self":[{"href":"https:\/\/blogs.univ-jfc.fr\/universitas\/wp-json\/wp\/v2\/posts\/1630"}],"collection":[{"href":"https:\/\/blogs.univ-jfc.fr\/universitas\/wp-json\/wp\/v2\/posts"}],"about":[{"href":"https:\/\/blogs.univ-jfc.fr\/universitas\/wp-json\/wp\/v2\/types\/post"}],"author":[{"embeddable":true,"href":"https:\/\/blogs.univ-jfc.fr\/universitas\/wp-json\/wp\/v2\/users\/19"}],"replies":[{"embeddable":true,"href":"https:\/\/blogs.univ-jfc.fr\/universitas\/wp-json\/wp\/v2\/comments?post=1630"}],"version-history":[{"count":2,"href":"https:\/\/blogs.univ-jfc.fr\/universitas\/wp-json\/wp\/v2\/posts\/1630\/revisions"}],"predecessor-version":[{"id":1635,"href":"https:\/\/blogs.univ-jfc.fr\/universitas\/wp-json\/wp\/v2\/posts\/1630\/revisions\/1635"}],"wp:attachment":[{"href":"https:\/\/blogs.univ-jfc.fr\/universitas\/wp-json\/wp\/v2\/media?parent=1630"}],"wp:term":[{"taxonomy":"category","embeddable":true,"href":"https:\/\/blogs.univ-jfc.fr\/universitas\/wp-json\/wp\/v2\/categories?post=1630"},{"taxonomy":"post_tag","embeddable":true,"href":"https:\/\/blogs.univ-jfc.fr\/universitas\/wp-json\/wp\/v2\/tags?post=1630"}],"curies":[{"name":"wp","href":"https:\/\/api.w.org\/{rel}","templated":true}]}}