{"id":1738,"date":"2019-04-11T07:52:55","date_gmt":"2019-04-11T05:52:55","guid":{"rendered":"http:\/\/blogs.univ-jfc.fr\/universitas\/?p=1738"},"modified":"2019-04-11T07:53:12","modified_gmt":"2019-04-11T05:53:12","slug":"ref-2012-elis-enos","status":"publish","type":"post","link":"https:\/\/blogs.univ-jfc.fr\/universitas\/2019\/04\/11\/ref-2012-elis-enos\/","title":{"rendered":"REF. 2012 &#8211; Elie Enos"},"content":{"rendered":"<div><\/div>\n<div>Elie Enos a \u00e9t\u00e9 \u00e9tudiant \u00e0 la facult\u00e9 de droit de Toulouse. Il a \u00e9t\u00e9 le premier avocat juif d&rsquo;Alg\u00e9rie et a eu un r\u00f4le majeur dans la d\u00e9finition juridique du statut politique des juifs en Alg\u00e9rie.<\/div>\n<div>Il dispose d&rsquo;une <a href=\"https:\/\/fr.wikipedia.org\/wiki\/%C3%89lie_%C3%89nos\">fiche sur Wikipedia<\/a> de bonne qualit\u00e9, ainsi que d&rsquo;un <a href=\"https:\/\/www.cairn.info\/revue-archives-juives1-2012-2-page-47.htm\">article <\/a>paru en 2012.<\/div>\n<div><\/div>\n<div>Pr\u00e9cisions apport\u00e9es par : Colette Zytnicki (avril 2019).<\/div>\n","protected":false},"excerpt":{"rendered":"<p>Elie Enos a \u00e9t\u00e9 \u00e9tudiant \u00e0 la facult\u00e9 de droit de Toulouse. Il a \u00e9t\u00e9 le premier avocat juif d&rsquo;Alg\u00e9rie et a eu un r\u00f4le majeur dans la d\u00e9finition juridique du statut politique des juifs en Alg\u00e9rie. Il dispose d&rsquo;une fiche sur Wikipedia de bonne qualit\u00e9, ainsi que d&rsquo;un article paru en 2012. Pr\u00e9cisions apport\u00e9es &hellip; <a href=\"https:\/\/blogs.univ-jfc.fr\/universitas\/2019\/04\/11\/ref-2012-elis-enos\/\" class=\"more-link\">Continuer la lecture de <span class=\"screen-reader-text\">REF. 2012 &#8211; Elie Enos<\/span> <span class=\"meta-nav\">&rarr;<\/span><\/a><\/p>\n","protected":false},"author":19,"featured_media":0,"comment_status":"closed","ping_status":"closed","sticky":false,"template":"","format":"standard","meta":[],"categories":[193,52,192,31],"tags":[],"_links":{"self":[{"href":"https:\/\/blogs.univ-jfc.fr\/universitas\/wp-json\/wp\/v2\/posts\/1738"}],"collection":[{"href":"https:\/\/blogs.univ-jfc.fr\/universitas\/wp-json\/wp\/v2\/posts"}],"about":[{"href":"https:\/\/blogs.univ-jfc.fr\/universitas\/wp-json\/wp\/v2\/types\/post"}],"author":[{"embeddable":true,"href":"https:\/\/blogs.univ-jfc.fr\/universitas\/wp-json\/wp\/v2\/users\/19"}],"replies":[{"embeddable":true,"href":"https:\/\/blogs.univ-jfc.fr\/universitas\/wp-json\/wp\/v2\/comments?post=1738"}],"version-history":[{"count":2,"href":"https:\/\/blogs.univ-jfc.fr\/universitas\/wp-json\/wp\/v2\/posts\/1738\/revisions"}],"predecessor-version":[{"id":1740,"href":"https:\/\/blogs.univ-jfc.fr\/universitas\/wp-json\/wp\/v2\/posts\/1738\/revisions\/1740"}],"wp:attachment":[{"href":"https:\/\/blogs.univ-jfc.fr\/universitas\/wp-json\/wp\/v2\/media?parent=1738"}],"wp:term":[{"taxonomy":"category","embeddable":true,"href":"https:\/\/blogs.univ-jfc.fr\/universitas\/wp-json\/wp\/v2\/categories?post=1738"},{"taxonomy":"post_tag","embeddable":true,"href":"https:\/\/blogs.univ-jfc.fr\/universitas\/wp-json\/wp\/v2\/tags?post=1738"}],"curies":[{"name":"wp","href":"https:\/\/api.w.org\/{rel}","templated":true}]}}