{"id":11586,"date":"2023-05-08T15:41:29","date_gmt":"2023-05-08T13:41:29","guid":{"rendered":"http:\/\/blogs.univ-jfc.fr\/vphn\/?p=11586"},"modified":"2023-05-08T15:48:41","modified_gmt":"2023-05-08T13:48:41","slug":"labbaye-saint-pierre-de-moissac","status":"publish","type":"post","link":"https:\/\/blogs.univ-jfc.fr\/vphn\/2023\/05\/08\/labbaye-saint-pierre-de-moissac\/","title":{"rendered":"L\u2019abbaye Saint-Pierre de Moissac"},"content":{"rendered":"\n<p class=\"has-text-align-center\"><img loading=\"lazy\" width=\"508\" height=\"253\" src=\"https:\/\/lh5.googleusercontent.com\/cVHY95a3Kq0pGZ_kf2RLcRFYs24PB0NbfP4npMcW_7JXqEMINqeBKumIXK7Kyz6OY8xCNKgahJfUshvHyroNsM_aRX4ZRHtNFAqZ1EwDYhn9PPL8bTB22GioOpBKHMKQVNQktQNOlUOD9zYaOk5VT8Y\"><\/p>\n\n\n\n<p class=\"has-text-align-center\" style=\"font-size:11px;line-height:0\"><em>Source : Dominique Viet, Office de Tourisme Tarn-et-Garonne.<\/em><\/p>\n\n\n\n<p style=\"line-height:1.5\">L\u2019abbaye Saint-Pierre se situe \u00e0 Moissac dans le Tarn-et-Garonne. \u00c0 la fin du VIIIe si\u00e8cle, des moines b\u00e9n\u00e9dictins se sont install\u00e9s dans le Quercy o\u00f9 l\u2019abbaye fut construite. Ce <a href=\"https:\/\/www.universalis.fr\/encyclopedie\/benedictins\/\">monast\u00e8re b\u00e9n\u00e9dictin<\/a> abrita au cours du Moyen-\u00c2ge une des plus grandes communaut\u00e9s religieuses du monde occidental chr\u00e9tien. Durant cette m\u00eame p\u00e9riode, l&rsquo;abbaye connut un important rayonnement culturel, politique et \u00e9conomique. Son apog\u00e9e se fit au XIIe si\u00e8cle.  Le monument est plac\u00e9 au patrimoine mondial de l&rsquo;UNESCO. <\/p>\n\n\n\n<h2>                                                   L&rsquo;histoire de l&rsquo;abbaye<\/h2>\n\n\n\n<div class=\"wp-block-media-text alignwide has-media-on-the-right is-stacked-on-mobile\" style=\"grid-template-columns:auto 40%\"><figure class=\"wp-block-media-text__media\"><img loading=\"lazy\" width=\"599\" height=\"1024\" src=\"http:\/\/blogs.univ-jfc.fr\/vphn\/wp-content\/uploads\/sites\/65\/2023\/03\/image-1-1-599x1024.jpg\" alt=\"\" class=\"wp-image-11630 size-full\" srcset=\"https:\/\/blogs.univ-jfc.fr\/vphn\/wp-content\/uploads\/sites\/65\/2023\/03\/image-1-1-599x1024.jpg 599w, https:\/\/blogs.univ-jfc.fr\/vphn\/wp-content\/uploads\/sites\/65\/2023\/03\/image-1-1-175x300.jpg 175w, https:\/\/blogs.univ-jfc.fr\/vphn\/wp-content\/uploads\/sites\/65\/2023\/03\/image-1-1.jpg 1198w\" sizes=\"(max-width: 599px) 100vw, 599px\" \/><\/figure><div class=\"wp-block-media-text__content\">\n<p class=\"has-normal-font-size\" style=\"line-height:1.3\">Les \u00e9tudes d&rsquo;<a href=\"http:\/\/archives.brive.fr\/Docs\/BM217_dec2009.pdf\">Ernest Rupin <\/a>&nbsp;ou encore celles d&rsquo;Adrien <a href=\"http:\/\/memopatrimoissac.fr\/adrien-lagreze-fossat\/\">Lagr\u00e8ze Fossat<\/a>,  situent l\u2019origine de l\u2019abbaye Saint-Pierre au VII<sup>e<\/sup> si\u00e8cle au temps de l\u2019\u00e9v\u00eaque de <a href=\"https:\/\/www.larousse.fr\/encyclopedie\/personnage\/saint_Didier_de_Cahors\/181897\">Cahors Saint Didier<\/a>.  En 814, <a href=\"https:\/\/www.universalis.fr\/encyclopedie\/louis-ier-le-pieux-le-debonnaire\/\">Louis le Pieux<\/a> accorde \u00e0 l&rsquo;abbaye un privil\u00e8ge : l&rsquo;immunit\u00e9 (droit par lequel les clercs et les religieux \u00e9taient dispens\u00e9s de certaines obligations jug\u00e9es incompatibles avec leur \u00e9tat, comme le service militaire). Tout d\u2019abord, il faut savoir que l\u2019endroit n\u2019est pas d\u00e9sert lorsque le nouvel \u00e9tablissement religieux est \u00e9difi\u00e9 car il y avait la pr\u00e9sence d\u2019un <a href=\"https:\/\/www.universalis.fr\/encyclopedie\/hypocauste\/\">hypocauste gallo romain<\/a>. A la suite de la disparition de l\u2019empire carolingien, les pr\u00e9rogatives de l\u2019autorit\u00e9 royale sur le monast\u00e8re reviennent au comte de Toulouse qui assure&nbsp; la protection de l\u2019abbaye. Cependant, lorsque le comte de Toulouse Guillaume III a besoin d\u2019argent, il d\u00e9cide de vendre sa charge d\u2019abb\u00e9 \u00e0 Gausbert de Gourdon en 1037. Durant l&rsquo;abbatiat de Gausbert de Gourdon aucuns travaux ne sont r\u00e9alis\u00e9s. Ainsi, l\u2019abbaye est presque en ruine. La reconstruction de l\u2019\u00e9glise est entreprise au milieu du XII<sup>e<\/sup> si\u00e8cle  durant le long abbatiat d\u2019Ansquitil (1085-1115) qui correspond \u00e0 l\u2019apog\u00e9e de la puissance et du rayonnement de l\u2019abbaye.<\/p>\n<\/div><\/div>\n\n\n\n<p style=\"font-size:10px;line-height:0\"><em>&nbsp;&nbsp;&nbsp;&nbsp;&nbsp;&nbsp;&nbsp;&nbsp;&nbsp;&nbsp;&nbsp;&nbsp;&nbsp;&nbsp;&nbsp;                                                                      Source : Photo et plan de l\u2019abbaye Saint-Pierre de Jean-Fran\u00e7ois Peir\u00e9, La ville de Moissac Tarn et Garonne.<\/em><\/p>\n\n\n\n<h2 class=\"has-text-align-center\">Le rattachement \u00e0 Cluny<\/h2>\n\n\n\n<p>Selon la chronique d&rsquo;Aymeric de Peyrac, Moissac entre dans l\u2019ordre de <a href=\"https:\/\/www.universalis.fr\/encyclopedie\/cluny\/#:~:text=L'ordre%20de%20Cluny&amp;text=Au%20premier%20abb%C3%A9%20Bernon%20(%E2%80%A0,sa%20t%C3%AAte%20des%20hommes%20remarquables.\">Cluny<\/a> en 1047. Cependant, des historiens comme Jules Marion pr\u00e9tendent que Moissac n\u2019a re\u00e7u Cluny qu\u2019en 1052-1053. Comment \u00e0 \u00e9t\u00e9 r\u00e9alis\u00e9e la remise de Moissac \u00e0 Cluny ? Plusieurs conditions \u00e9taient n\u00e9cessaires : apr\u00e8s la mort de l\u2019abb\u00e9 Etienne, en 1045, Odilon d\u00e9signe un nouveau titulaire, l&rsquo;abb\u00e9 Durand de Bredons qui commence \u00e0 restaurer la vie monastique.  Le comte de Toulouse et l\u2019abb\u00e9 s\u00e9culier donnent leur consentement. Puis il y a une approbation apostolique : elle para\u00eet en 1058 lorsque Etienne IX confirme l\u2019ensemble des biens de Cluny en incluant Moissac.  En&nbsp; 1466, l\u2019abbaye obtient la s\u00e9paration avec l&rsquo;ordre de Cluny.<\/p>\n\n\n\n<div class=\"wp-block-image\"><figure class=\"aligncenter size-large is-resized\"><img loading=\"lazy\" src=\"https:\/\/blogs.univ-jfc.fr\/vphn\/wp-content\/uploads\/sites\/65\/2023\/03\/image-2.jpg\" alt=\"\" class=\"wp-image-11639\" width=\"522\" height=\"428\" srcset=\"https:\/\/blogs.univ-jfc.fr\/vphn\/wp-content\/uploads\/sites\/65\/2023\/03\/image-2.jpg 580w, https:\/\/blogs.univ-jfc.fr\/vphn\/wp-content\/uploads\/sites\/65\/2023\/03\/image-2-300x246.jpg 300w\" sizes=\"(max-width: 522px) 100vw, 522px\" \/><\/figure><\/div>\n\n\n\n<p style=\"font-size:10px\"><em>                                                            Source : Reconstitution de la fa\u00e7ade de l\u2019abbaye de Cluny III, OpenEdition Journals.&nbsp;<\/em><\/p>\n\n\n\n<h2 class=\"has-text-align-center\">L\u2019environnement architectural de l\u2019abbaye<\/h2>\n\n\n\n<p>Le clo\u00eetre de l&rsquo;abbaye est per\u00e7u comme l\u2019un des plus grands projets architecturaux, en particulier gr\u00e2ce aux nombres de chapiteaux et de piliers. De plus, les arch\u00e9ologues et historiens ont pu d\u00e9couvrir que ce sont des sculpteurs et des architectes occitans qui ont con\u00e7u le clo\u00eetre puisque ce sont les m\u00eames qui sont intervenus auparavant sur le chantier de la basilique Saint-Sernin de Toulouse.<\/p>\n\n\n\n<h2 class=\"has-text-align-center\">Les chapiteaux&nbsp;<\/h2>\n\n\n\n<p>Les chapiteaux repr\u00e9sentent notamment des sc\u00e8nes bibliques, des vies de saints ou encore des sujets contemporains du XIIe si\u00e8cle comme les Crois\u00e9s devant J\u00e9rusalem notamment. Ces repr\u00e9sentations sont d\u2019aspect diverses puisque l\u2019on retrouve parfois des motifs dits \u00ab islamisants \u00bb. De m\u00eame, l\u2019ordonnancement des chapiteaux reste un myst\u00e8re pour les historiens tant il ne respecte aucune logique qu\u2019elle soit narrative ou chronologique. En outre, les chercheurs ont remarqu\u00e9 que certaines sc\u00e8nes, notamment celle du sacrifice d\u2019Isaac, ne respectent pas le r\u00e9cit biblique et qu\u2019elles pr\u00e9sentent donc des variantes.<\/p>\n\n\n\n<h2 class=\"has-text-align-center\">Les piliers<\/h2>\n\n\n\n<div class=\"wp-block-media-text alignwide has-media-on-the-right is-stacked-on-mobile\"><figure class=\"wp-block-media-text__media\"><img loading=\"lazy\" width=\"640\" height=\"1024\" src=\"https:\/\/blogs.univ-jfc.fr\/vphn\/wp-content\/uploads\/sites\/65\/2023\/03\/image-3-640x1024.jpg\" alt=\"\" class=\"wp-image-11691 size-full\" srcset=\"https:\/\/blogs.univ-jfc.fr\/vphn\/wp-content\/uploads\/sites\/65\/2023\/03\/image-3-640x1024.jpg 640w, https:\/\/blogs.univ-jfc.fr\/vphn\/wp-content\/uploads\/sites\/65\/2023\/03\/image-3-188x300.jpg 188w, https:\/\/blogs.univ-jfc.fr\/vphn\/wp-content\/uploads\/sites\/65\/2023\/03\/image-3-768x1229.jpg 768w, https:\/\/blogs.univ-jfc.fr\/vphn\/wp-content\/uploads\/sites\/65\/2023\/03\/image-3-960x1536.jpg 960w, https:\/\/blogs.univ-jfc.fr\/vphn\/wp-content\/uploads\/sites\/65\/2023\/03\/image-3.jpg 1200w\" sizes=\"(max-width: 640px) 100vw, 640px\" \/><\/figure><div class=\"wp-block-media-text__content\">\n<p>Les piliers du clo\u00eetre sont tous faits de marbre et majoritairement cylindriques. Mais aux angles ainsi qu\u2019au milieu des ailes est et ouest se trouvent des piliers de formes carr\u00e9es. Les piliers angulaires repr\u00e9sentent sur deux faces chacune une repr\u00e9sentation d\u2019ap\u00f4tres. Cependant, seulement huit ap\u00f4tres sont repr\u00e9sent\u00e9s et non <a href=\"https:\/\/www.universalis.fr\/encyclopedie\/les-douze\/\">douze<\/a>. L\u00e0 encore, il s\u2019agit d\u2019un myst\u00e8re pour les chercheurs qui n\u2019arrivent pas \u00e0 d\u00e9terminer pourquoi les architectes en ont privil\u00e9gi\u00e9 certains plus que d\u2019autres. Les piliers angulaires, en revanche, figurent la repr\u00e9sentation de deux religieux : Ansquitil (fondateur de l\u2019abbaye) et saint Durand (premier abb\u00e9 clunisien).&nbsp;<\/p>\n<\/div><\/div>\n\n\n\n<p class=\"has-text-align-right\" style=\"font-size:11px;line-height:0\"><em>Source : Photo des piliers prise par Tarn et Garonne Tourisme.&nbsp;<\/em><\/p>\n\n\n\n<h2 class=\"has-text-align-center\">Le portail&nbsp;<\/h2>\n\n\n\n<p>Le portail est surtout renomm\u00e9 pour son tympan. En effet, il est le plus important t\u00e9moignage de l\u2019art roman \u00e0 Moissac. D\u2019une part, son aspect permet d\u2019affirmer la puissance de l\u2019abbaye et d\u2019autre part, le tympan pr\u00e9sente un th\u00e8me r\u00e9pandu au XIIe si\u00e8cle. En l\u2019occurrence, une repr\u00e9sentation d\u2019un Christ glorieux revenant apr\u00e8s l\u2019<a href=\"https:\/\/www.universalis.fr\/encyclopedie\/apocalypse-de-jean\/\">Apocalypse<\/a> b\u00e9nissant la foule. Cette sc\u00e8ne s\u2019accompagne \u00e9galement de diverses autres repr\u00e9sentations bibliques et notamment une de l\u2019enfance du Christ.&nbsp;<\/p>\n\n\n\n<div class=\"wp-block-image\"><figure class=\"aligncenter size-large is-resized\"><img loading=\"lazy\" src=\"https:\/\/blogs.univ-jfc.fr\/vphn\/wp-content\/uploads\/sites\/65\/2023\/05\/image.png\" alt=\"\" class=\"wp-image-12978\" width=\"471\" height=\"352\" srcset=\"https:\/\/blogs.univ-jfc.fr\/vphn\/wp-content\/uploads\/sites\/65\/2023\/05\/image.png 755w, https:\/\/blogs.univ-jfc.fr\/vphn\/wp-content\/uploads\/sites\/65\/2023\/05\/image-300x225.png 300w\" sizes=\"(max-width: 471px) 100vw, 471px\" \/><\/figure><\/div>\n\n\n\n<p class=\"has-text-align-center\" style=\"font-size:11px\"><em>Source : Photo personnelle, prise par Sarah D.<\/em><\/p>\n\n\n\n<h2 class=\"has-text-align-center\">Le rayonnement \u00e9conomique<\/h2>\n\n\n\n<p>Les abbayes fonctionnent gr\u00e2ce \u00e0 une \u00e9conomie de consommation. Elle est divis\u00e9e en deux besoins : alimentaire (<em>victus<\/em>) et d&rsquo;\u00e9quipement (<em>vesticus<\/em>), qui se compl\u00e8tent. Le premier consiste \u00e0 cr\u00e9er ses propres denr\u00e9es alimentaires via le mara\u00eechage et la viticulture. Ce dernier point diff\u00e8re selon la lecture des r\u00e8gles de l&rsquo;ordre de Saint Beno\u00eet. Les repas \u00e9tant ensuite codifi\u00e9s (rationnement des repas), les surplus sont vendus. Cela permet d\u2019alimenter le second point de l\u2019\u00e9conomie : l\u2019\u00e9quipement. En vendant ce qui n\u2019est pas consomm\u00e9, \u00e7a leur permet d\u2019acheter des biens meubles ou immeubles pour enrichir les abbayes. Comme \u00e0 Moissac, ils peuvent aussi acheter des terres pour implanter d\u2019autres \u00e9glises afin d\u2019\u00e9largir leur rayonnement, leur domination. \u00c9galement, l\u2019abbaye de Moissac poss\u00e8de ses propres terres agricoles \u00e0 ce miment-l\u00e0. Le vin qu\u2019ils en tiraient servait \u00e0 leur consommation, \u00e0 la messe (lors de la liturgie) mais permettait aussi d\u2019\u00eatre vendu.<\/p>\n\n\n\n<h2 class=\"has-text-align-center\">La rayonnement culturel&nbsp;<\/h2>\n\n\n\n<p>Le second rayonnement de l\u2019abbaye est culturel. Plac\u00e9 au patrimoine mondial de l\u2019UNESCO au titre des chemins de Saint-Jacques de Compostelle, ce titre lui permet un rayonnement \u00e0 travers le monde. Ce ne sont plus seulement des p\u00e8lerins qui viennent mais \u00e9galement des touristes. D\u00e9sormais, les personnes viennent visiter le lieu comme ils iraient visiter Notre-Dame-de-Lourdes ou n&rsquo;importe quel lieu saint important. \u00c9galement, cela vient influencer les programmes <a href=\"https:\/\/www-jstor-org.gorgone.univ-toulouse.fr\/stable\/4126575?searchText=tympan+Moissac&amp;searchUri=%2Faction%2FdoBasicSearch%3FQuery%3Dtympan%2BMoissac&amp;ab_segments=0%2Fbasic_search_gsv2%2Fcontrol&amp;refreqid=fastly-default%3A61279a2e2ff9c631b53d9765d42f2896&amp;seq=5\">d&rsquo;Histoire de l&rsquo;Art am\u00e9ricains.<\/a> En effet, les \u00e9tudiants travaillent sur les gravures du tympan. Les repr\u00e9sentations religieuses, en parfait \u00e9tat, permettent de s\u2019y appuyer dessus afin d\u2019\u00e9tudier les relations entre l\u2019\u00c9glise et les habitants de Moissac. En dernier point, nous pouvons citer le film \u201cLe nom de la Rose\u201d, r\u00e9alis\u00e9 par Jean-Jacques Annaud o\u00f9 le tympan appara\u00eet. Le fait que cette sc\u00e8ne existe a suscit\u00e9 un surcro\u00eet de tourisme \u00e0 Moissac. Mondialement connu, son rayonnement en est renforc\u00e9.<\/p>\n\n\n\n<div class=\"wp-block-image\"><figure class=\"aligncenter size-large is-resized\"><img loading=\"lazy\" src=\"https:\/\/blogs.univ-jfc.fr\/vphn\/wp-content\/uploads\/sites\/65\/2023\/03\/image-11.png\" alt=\"\" class=\"wp-image-11710\" width=\"507\" height=\"285\" srcset=\"https:\/\/blogs.univ-jfc.fr\/vphn\/wp-content\/uploads\/sites\/65\/2023\/03\/image-11.png 770w, https:\/\/blogs.univ-jfc.fr\/vphn\/wp-content\/uploads\/sites\/65\/2023\/03\/image-11-300x169.png 300w, https:\/\/blogs.univ-jfc.fr\/vphn\/wp-content\/uploads\/sites\/65\/2023\/03\/image-11-768x432.png 768w\" sizes=\"(max-width: 507px) 100vw, 507px\" \/><\/figure><\/div>\n\n\n\n<p class=\"has-text-align-center\" style=\"font-size:11px;line-height:1.2\"><em>Source : Image tir\u00e9e du film \u00ab\u00a0Le Nom de la Rose\u00a0\u00bb, Jean-Jacques ANNAUD, 1986.<\/em><\/p>\n\n\n\n<p>Biliographie pour aller plus loin : <a href=\"https:\/\/blogs.univ-jfc.fr\/vphn\/?page_id=11695\" target=\"_blank\" rel=\"noreferrer noopener\">https:\/\/blogs.univ-jfc.fr\/vphn\/?page_id=11695<\/a>in<\/p>\n","protected":false},"excerpt":{"rendered":"<p>Source : Dominique Viet, Office de Tourisme Tarn-et-Garonne. L\u2019abbaye Saint-Pierre se situe \u00e0 Moissac dans le Tarn-et-Garonne. \u00c0 la fin du VIIIe si\u00e8cle, des moines b\u00e9n\u00e9dictins se sont install\u00e9s dans le Quercy o\u00f9 l\u2019abbaye fut construite. Ce monast\u00e8re b\u00e9n\u00e9dictin abrita au cours du Moyen-\u00c2ge une des plus grandes communaut\u00e9s religieuses du monde occidental chr\u00e9tien. Durant &hellip; <\/p>\n<p class=\"link-more\"><a href=\"https:\/\/blogs.univ-jfc.fr\/vphn\/2023\/05\/08\/labbaye-saint-pierre-de-moissac\/\" class=\"more-link\">Continuer la lecture<span class=\"screen-reader-text\"> de &laquo;&nbsp;L\u2019abbaye Saint-Pierre de Moissac&nbsp;&raquo;<\/span><\/a><\/p>\n","protected":false},"author":813,"featured_media":0,"comment_status":"closed","ping_status":"closed","sticky":false,"template":"","format":"standard","meta":[],"categories":[1,17],"tags":[],"_links":{"self":[{"href":"https:\/\/blogs.univ-jfc.fr\/vphn\/wp-json\/wp\/v2\/posts\/11586"}],"collection":[{"href":"https:\/\/blogs.univ-jfc.fr\/vphn\/wp-json\/wp\/v2\/posts"}],"about":[{"href":"https:\/\/blogs.univ-jfc.fr\/vphn\/wp-json\/wp\/v2\/types\/post"}],"author":[{"embeddable":true,"href":"https:\/\/blogs.univ-jfc.fr\/vphn\/wp-json\/wp\/v2\/users\/813"}],"replies":[{"embeddable":true,"href":"https:\/\/blogs.univ-jfc.fr\/vphn\/wp-json\/wp\/v2\/comments?post=11586"}],"version-history":[{"count":20,"href":"https:\/\/blogs.univ-jfc.fr\/vphn\/wp-json\/wp\/v2\/posts\/11586\/revisions"}],"predecessor-version":[{"id":12988,"href":"https:\/\/blogs.univ-jfc.fr\/vphn\/wp-json\/wp\/v2\/posts\/11586\/revisions\/12988"}],"wp:attachment":[{"href":"https:\/\/blogs.univ-jfc.fr\/vphn\/wp-json\/wp\/v2\/media?parent=11586"}],"wp:term":[{"taxonomy":"category","embeddable":true,"href":"https:\/\/blogs.univ-jfc.fr\/vphn\/wp-json\/wp\/v2\/categories?post=11586"},{"taxonomy":"post_tag","embeddable":true,"href":"https:\/\/blogs.univ-jfc.fr\/vphn\/wp-json\/wp\/v2\/tags?post=11586"}],"curies":[{"name":"wp","href":"https:\/\/api.w.org\/{rel}","templated":true}]}}