{"id":11683,"date":"2023-03-16T12:17:52","date_gmt":"2023-03-16T11:17:52","guid":{"rendered":"http:\/\/blogs.univ-jfc.fr\/vphn\/?p=11683"},"modified":"2023-03-29T12:15:47","modified_gmt":"2023-03-29T10:15:47","slug":"les-cisterciens-en-occitanie-2023-realise-par-rieucau-eugenie-thomas-jules-gary-ian","status":"publish","type":"post","link":"https:\/\/blogs.univ-jfc.fr\/vphn\/2023\/03\/16\/les-cisterciens-en-occitanie-2023-realise-par-rieucau-eugenie-thomas-jules-gary-ian\/","title":{"rendered":"Les Cisterciens en Occitanie (2023)                              R\u00e9alis\u00e9 par Rieucau Eug\u00e9nie, Thomas Jules, Gary Ian"},"content":{"rendered":"\n<p id=\"block-48ac81dd-45af-4e94-b2f5-cfdc7b69d99b\"><strong>Qui sont les cisterciens&nbsp;?<\/strong><\/p>\n\n\n\n<p id=\"block-e77f6514-38b1-49d0-a113-5edf260dc321\">&nbsp;&nbsp;&nbsp;&nbsp;&nbsp;&nbsp;&nbsp;&nbsp;&nbsp;&nbsp;&nbsp; Les Cisterciens ou l\u2019<strong>Ordre Cistercien <\/strong>est un ordre monastique qui provient d\u2019un remaniement de l\u2019ordre des <strong>b\u00e9n\u00e9dictins<\/strong>. Son origine est marqu\u00e9e par la fondation de <strong>l\u2019abbaye de C\u00eeteaux<\/strong> par <strong>Robert<\/strong> <strong>de Molesme en 1098<\/strong>. L\u2019Ordre Cistercien joue un r\u00f4le majeur dans l\u2019histoire de la France m\u00e9di\u00e9vale (XII<sup>\u00e8me<\/sup> si\u00e8cle) et de ce fait, il re\u00e7oit l\u2019<strong>approbation pontificale <\/strong>au cours de cette p\u00e9riode le <strong>23 d\u00e9cembre<\/strong> <strong>1119<\/strong> par le pape de l\u2019Eglise catholique Calixte II. L\u2019Ordre de C\u00eeteaux (ou Ordre Cistercien) \u00e0 comme ambition principale de r\u00e9nover la vie monastique et l\u2019application de la <strong>r\u00e8gle de Saint-Beno\u00eet<\/strong>.<\/p>\n\n\n\n<p id=\"block-1dd8fc82-bf49-4695-a559-f04cd45c8d0c\">\u00ab Les Cisterciens voulaient mener une vie monastique parfaite, sans compromission avec le si\u00e8cle&nbsp;\u00bb<\/p>\n\n\n\n<p id=\"block-60c1c0d6-7be1-41b1-810b-bac0fc6eae07\">PRESSOUYRE L\u00e9on, Le r\u00eave cistercien, 2011, D\u00e9couverte Gallimard, 144 pages.&nbsp;<\/p>\n\n\n\n<figure class=\"wp-block-image\" id=\"block-263fbe9f-595a-46c9-8910-b6e9ef39b74c\"><img src=\"https:\/\/blogs.univ-jfc.fr\/vphn\/wp-content\/uploads\/sites\/65\/2023\/03\/image-3.png\" alt=\"L\u2019attribut alt de cette image est vide, son nom de fichier est image-3.png.\" \/><\/figure>\n\n\n\n<p id=\"block-f628ea2a-9d3f-4f99-a869-5ba1bce07bb6\">Abbayes m\u00e8res cisterciennes et leurs filiations en Europe<\/p>\n\n\n\n<p id=\"block-80e901be-0fcf-4bd8-bc70-c17b46e9eeac\"><strong>L\u2019\u00e9conomie cistercienne<\/strong> \u00e0 une importance toute particuli\u00e8re car elle est <strong>locale<\/strong>. En effet les aspects \u00e9conomiques de l\u2019ordre se font aux alentours de l\u2019abbaye. Dans le cas de l\u2019Occitanie, nous avons l\u2019exemple de la <strong>Grange cistercienne<\/strong> de la Peyri\u00e8re. Il s\u2019agit d\u2019une grange monastique fond\u00e9e en 1136 avec une fa\u00e7ade \u00ab&nbsp;caract\u00e9ristique de <strong>l\u2019art cistercien<\/strong> m\u00e9ridional&nbsp;\u00bb (Minist\u00e8re de la culture). Le syst\u00e8me de grange permet \u00e0 l\u2019abbaye de vendre des <strong>productions locales<\/strong> et d\u2019obtenir un chiffre d\u2019affaires pour financer les besoins de l\u2019abbaye en fonction des ressources de la r\u00e9gion.<\/p>\n\n\n\n<figure class=\"wp-block-image\" id=\"block-963e1349-5528-44b7-9db9-817df3097caa\"><img src=\"https:\/\/blogs.univ-jfc.fr\/vphn\/wp-content\/uploads\/sites\/65\/2023\/03\/image-8.png\" alt=\"L\u2019attribut alt de cette image est vide, son nom de fichier est image-8.png.\" \/><\/figure>\n\n\n\n<p id=\"block-815c078c-742e-432f-b1e5-796eb1115a2f\"><strong>C\u00eeteaux, la premi\u00e8re abbaye cistercienne<\/strong><\/p>\n\n\n\n<p id=\"block-eb9c816b-1255-463a-9f6f-540fd264fbc6\">&nbsp;&nbsp;&nbsp;&nbsp;&nbsp;&nbsp;&nbsp;&nbsp;&nbsp;&nbsp;&nbsp;&nbsp;&nbsp;&nbsp;&nbsp; <strong>L&rsquo;abbaye Notre-Dame de C\u00eeteaux<\/strong> est l\u2019abbaye fondatrice de l\u2019ordre cistercien. Elle est fond\u00e9e en 1098 par Robert de Molesme. Elle devient un centre spirituel majeur qui exerce une grande influence durant plus de 7 si\u00e8cles sur la vie religieuse et \u00e9conomique de <strong>l&rsquo;Occident chr\u00e9tien au Moyen-Age<\/strong>.<\/p>\n\n\n\n<p id=\"block-c69d739d-8efd-4a1d-9743-39e6aa0ce5d1\"><strong>L&rsquo;expansion de l&rsquo;ordre avec Bernard de Clairvaux&nbsp;&nbsp;&nbsp;&nbsp;&nbsp;&nbsp;&nbsp;&nbsp;&nbsp;&nbsp;&nbsp;<\/strong><\/p>\n\n\n\n<p id=\"block-13ebaa89-4f34-4cae-809f-eb713380fdf1\">D\u00e8s la cr\u00e9ation de l\u2019abbaye m\u00e8re de C\u00eeteaux, l\u2019ordre s&rsquo;agrandit et de nouvelles abbayes cisterciennes prennent vie en France. Ce ph\u00e9nom\u00e8ne \u00e9tait tout d\u2019abord fran\u00e7ais puis il s\u2019est propag\u00e9 en Europe \u00e0 partir de <strong>1120<\/strong>. L&rsquo;ordre s&rsquo;implante \u00e0 l&rsquo;\u00e9tranger notamment en Espagne, en Italie ou au Royaume-Uni o\u00f9 elles sont les plus pr\u00e9sentes. On d\u00e9nombre environ <strong>525 abbayes \u00e0 la fin du XIIe si\u00e8cle<\/strong> en Europe. L\u2019ordre cistercien se d\u00e9veloppe consid\u00e9rablement en France notamment avec <strong>Bernard de Clairvaux (1090-1153)<\/strong>, il est devenu une figure incontournable et le plus c\u00e9l\u00e8bre des cisterciens. Son but \u00e9tait d\u2019allier les cisterciens et d\u2019avoir la reconnaissance de la papaut\u00e9. En 1113, la <strong>premi\u00e8re abbaye-fille est fond\u00e9e<\/strong>, La Fert\u00e9, suivie par celle de Pontigny en 1114. Puis celle de Clairvaux en 1115 et enfin l&rsquo;abbaye de Morimond est fond\u00e9e la m\u00eame ann\u00e9e. C\u2019est sur cette souche des quatre filles de C\u00eeteaux que l&rsquo;ordre cistercien va se d\u00e9velopper et cro\u00eetre durant tout le XIIe si\u00e8cle.<\/p>\n\n\n\n<figure class=\"wp-block-image\" id=\"block-66de1894-eaec-4c80-ac11-f64bef595029\"><img src=\"https:\/\/blogs.univ-jfc.fr\/vphn\/wp-content\/uploads\/sites\/65\/2023\/03\/image-10.png\" alt=\"L\u2019attribut alt de cette image est vide, son nom de fichier est image-10.png.\" \/><figcaption>Eglise Saint-Bernard de Fontaine-l\u00e8s-Dijon<\/figcaption><\/figure>\n\n\n\n<p id=\"block-1176be64-18a0-41cc-8df9-2c3bfddefcfc\"><strong>Organisation de la journ\u00e9e d\u2019un cistercien<\/strong><\/p>\n\n\n\n<p id=\"block-893c7556-7413-459e-98b3-f7ed17bd8bd1\">&nbsp;&nbsp;&nbsp;&nbsp;&nbsp;&nbsp;&nbsp;&nbsp;&nbsp;&nbsp;&nbsp;&nbsp;&nbsp;&nbsp;&nbsp; La journ\u00e9e \u00e9tait rythm\u00e9e par les pri\u00e8res et les <strong>offices<\/strong>. Il y avait peu de repas et leur nombre variait selon les saisons, tr\u00e8s souvent au nombre d\u2019un sauf pour les novices, jeunes moines ou les abb\u00e9s qui avaient un travail physiquement \u00e9puisant. Ce nombre de repas variait selon la saison bien s\u00fbr, en hiver les rations \u00e9taient plus consistantes et les repas plus nombreux.<\/p>\n\n\n\n<p id=\"block-f4cc4775-e166-4dd8-a54d-4aa85449e87e\">\u00a0\u00a0\u00a0\u00a0\u00a0\u00a0\u00a0\u00a0\u00a0\u00a0\u00a0\u00a0\u00a0\u00a0\u00a0 Diff\u00e9rents m\u00e9tiers manuels \u00e9taient exerc\u00e9s au sein de l&rsquo;abbaye, li\u00e9s notamment \u00e0 la conservation et la pr\u00e9paration de la nourriture, \u00e0 l&rsquo;entretien des lieux et \u00e0 l&rsquo;habillement. Au total, les religieux devaient travailler sept heures par jour sans compter la lecture spirituelle ou les travaux d\u2019\u00e9criture. Les cisterciennes ont le m\u00eame quotidien que les cisterciens mais elles vivent dans des couvents de moniales s\u00e9par\u00e9es des hommes. Par exemple, <strong>l\u2019abbaye de Boulaur<\/strong> dans le Gers, un <strong>prieur\u00e9 fond\u00e9 au XIIe<\/strong> si\u00e8cle qui a \u00e9t\u00e9 restaur\u00e9 au XXe si\u00e8cle. C\u2019est maintenant un monast\u00e8re cistercien, des moniales s\u2019y sont install\u00e9es, encore aujourd\u2019hui, elles sont pr\u00e9sentes et vivent des march\u00e9s, de l\u2019agriculture et de l&rsquo;\u00e9levage, le travail de la terre est donc tr\u00e8s important encore aujourd\u2019hui pour la communaut\u00e9 cistercienne.<\/p>\n\n\n\n<p><strong>L&rsquo;art Cistercien <\/strong><\/p>\n\n\n\n<p class=\"has-text-align-left\">               L\u2019art se diffuse dans toutes les constructions cisterciennes entreprises, les r\u00e8gles sont respect\u00e9es et des similitudes entre chaque abbayes sont distinguables. Pour autant, les constructeurs \u00e0 leur \u00e9poques ont dus tenir compte du climat, du terrain dans lequel il lan\u00e7ait leur entreprise.\u00a0<\/p>\n\n\n\n<p class=\"has-text-align-left\">Pour rappel, Les abbayes cisterciennes se distinguent initialement par la <strong>simplicit\u00e9<\/strong> et la <strong>sobri\u00e9t\u00e9<\/strong> de l&rsquo;architecture et des ornements. Les abbayes cisterciennes connaissent l&rsquo;\u00e9volution de l&rsquo;architecture romane vers le gothique et se caract\u00e9risent par un grand d\u00e9pouillement des lignes et de la d\u00e9coration. Les oculi ( ouverture ronde) des abbatiales re\u00e7oivent des vitres blanches sans croix et sans couleurs. Aux tympans des portails et aux chapiteaux des \u00e9glises, pas de sculptures car rien ne doit d\u00e9tourner la pens\u00e9e de l&rsquo;id\u00e9e de Dieu. Tout est fait pour <strong>mettre en valeur la parole de Dieu<\/strong> et ne pas d\u00e9tourner la spiritualit\u00e9 des moines.\u00a0Les formes, les proportions elles-m\u00eames r\u00e9v\u00e8lent \u00e0 la raison les perfections de Dieu. C&rsquo;est cette pr\u00e9sence et ce jeu de la lumi\u00e8re qui permet de dire que cet art est finalement, malgr\u00e9 son d\u00e9pouillement, un art d&rsquo;incarnation. Dans l&rsquo;\u00e9glise ou les autres b\u00e2timents, elle n&rsquo;est jamais violente, aveuglante, mais toujours mesur\u00e9e, guid\u00e9e, par l&rsquo;architecture. L&rsquo;ombre intervient aussi et cela signifie encore que la lumi\u00e8re \u00e9ternelle s&rsquo;est accommod\u00e9e \u00e0 notre vie humaine. Le jeu de la lumi\u00e8re dans l&rsquo;espace symbolise cette pr\u00e9sence de Dieu dans l\u2019int\u00e9riorit\u00e9.\u00a0<\/p>\n\n\n\n<p>Ces architectures correspondent \u00e0 une d\u00e9marche de foi pour laquelle l&rsquo;ou\u00efe vient d&rsquo;abord, la vision ensuite, et l&rsquo;odorat lors des c\u00e9r\u00e9monies o\u00f9 l&rsquo;encens est utilis\u00e9. Tout ici est ordonn\u00e9 \u00e0 l&rsquo;ou\u00efe car, pour voir Dieu, selon saint Bernard, il faut d&rsquo;abord l&rsquo;\u00e9couter. Aussi la dimension la plus importante est sans doute la plus invisible, \u00e0 savoir l&rsquo;acoustique. <\/p>\n\n\n\n<p><\/p>\n","protected":false},"excerpt":{"rendered":"<p>Qui sont les cisterciens&nbsp;? &nbsp;&nbsp;&nbsp;&nbsp;&nbsp;&nbsp;&nbsp;&nbsp;&nbsp;&nbsp;&nbsp; Les Cisterciens ou l\u2019Ordre Cistercien est un ordre monastique qui provient d\u2019un remaniement de l\u2019ordre des b\u00e9n\u00e9dictins. Son origine est marqu\u00e9e par la fondation de l\u2019abbaye de C\u00eeteaux par Robert de Molesme en 1098. L\u2019Ordre Cistercien joue un r\u00f4le majeur dans l\u2019histoire de la France m\u00e9di\u00e9vale (XII\u00e8me si\u00e8cle) et de &hellip; <\/p>\n<p class=\"link-more\"><a href=\"https:\/\/blogs.univ-jfc.fr\/vphn\/2023\/03\/16\/les-cisterciens-en-occitanie-2023-realise-par-rieucau-eugenie-thomas-jules-gary-ian\/\" class=\"more-link\">Continuer la lecture<span class=\"screen-reader-text\"> de &laquo;&nbsp;Les Cisterciens en Occitanie (2023)                              R\u00e9alis\u00e9 par Rieucau Eug\u00e9nie, Thomas Jules, Gary Ian&nbsp;&raquo;<\/span><\/a><\/p>\n","protected":false},"author":809,"featured_media":0,"comment_status":"closed","ping_status":"closed","sticky":false,"template":"","format":"standard","meta":[],"categories":[1],"tags":[],"_links":{"self":[{"href":"https:\/\/blogs.univ-jfc.fr\/vphn\/wp-json\/wp\/v2\/posts\/11683"}],"collection":[{"href":"https:\/\/blogs.univ-jfc.fr\/vphn\/wp-json\/wp\/v2\/posts"}],"about":[{"href":"https:\/\/blogs.univ-jfc.fr\/vphn\/wp-json\/wp\/v2\/types\/post"}],"author":[{"embeddable":true,"href":"https:\/\/blogs.univ-jfc.fr\/vphn\/wp-json\/wp\/v2\/users\/809"}],"replies":[{"embeddable":true,"href":"https:\/\/blogs.univ-jfc.fr\/vphn\/wp-json\/wp\/v2\/comments?post=11683"}],"version-history":[{"count":3,"href":"https:\/\/blogs.univ-jfc.fr\/vphn\/wp-json\/wp\/v2\/posts\/11683\/revisions"}],"predecessor-version":[{"id":11953,"href":"https:\/\/blogs.univ-jfc.fr\/vphn\/wp-json\/wp\/v2\/posts\/11683\/revisions\/11953"}],"wp:attachment":[{"href":"https:\/\/blogs.univ-jfc.fr\/vphn\/wp-json\/wp\/v2\/media?parent=11683"}],"wp:term":[{"taxonomy":"category","embeddable":true,"href":"https:\/\/blogs.univ-jfc.fr\/vphn\/wp-json\/wp\/v2\/categories?post=11683"},{"taxonomy":"post_tag","embeddable":true,"href":"https:\/\/blogs.univ-jfc.fr\/vphn\/wp-json\/wp\/v2\/tags?post=11683"}],"curies":[{"name":"wp","href":"https:\/\/api.w.org\/{rel}","templated":true}]}}