{"id":13772,"date":"2024-04-21T14:17:07","date_gmt":"2024-04-21T12:17:07","guid":{"rendered":"http:\/\/blogs.univ-jfc.fr\/vphn\/?p=13772"},"modified":"2024-04-21T14:42:08","modified_gmt":"2024-04-21T12:42:08","slug":"raymond-vii-et-le-comte-de-toulouse","status":"publish","type":"post","link":"https:\/\/blogs.univ-jfc.fr\/vphn\/2024\/04\/21\/raymond-vii-et-le-comte-de-toulouse\/","title":{"rendered":"Raymond VII et le comt\u00e9 de Toulouse"},"content":{"rendered":"\n<p class=\"has-vivid-red-color has-text-color\">\u201cMoi, avec les barons de ma terre dont j\u2019ai \u00e9prouv\u00e9 la valeur, avec ma compagnie et mes intimes, avec les Toulousains, en qui j\u2019ai toute confiance, et avec mon fr\u00e8re Bertrand, qui s\u2019y est bien pr\u00e9par\u00e9, j\u2019irai vous secourir avant que vous n\u2019ayez gu\u00e8re eu \u00e0 soutenir la lutte, de sorte qu\u2019\u00e0 la fin du combat l\u2019honneur nous en restera.\u201d- Raimond Le Jeune (futur Raymond VII) avant la bataille de Bazi\u00e8ge en 1219, tir\u00e9 de la Chanson de la Croisade.<\/p>\n\n\n\n<p>Cette citation r\u00e9v\u00e8le le contexte particulier du comt\u00e9 de Toulouse au XIII\u00e8me si\u00e8cle et la volont\u00e9 de sauvegarder son int\u00e9grit\u00e9 par les Raimondins, ici Raymond Le Jeune (futur Raymond VII), fils de Raymond VI et de Jeanne d&rsquo;Angleterre.<\/p>\n\n\n\n<p>Raymond VII est n\u00e9 en juillet 1197 \u00e0 Beaucaire et meurt en septembre 1249 \u00e0 Millau. C\u2019est donc principalement sur la premi\u00e8re moiti\u00e9 du 13eme s. que portera notre analyse. Raymond VII fut donc comte de Toulouse, un comt\u00e9 du sud-ouest de la France qui a pour chef lieu Toulouse. Durant son r\u00e8gne, agit\u00e9 par les divergences religieuses et notamment cathares, Raymond VII doit faire face comme son p\u00e8re avant lui aux croisades albigeoises. Il d\u00e9veloppe d\u2019ailleurs des relations compliqu\u00e9es avec l&rsquo;\u00c9glise ainsi que la famille royale. Nous savons \u00e9galement qu\u2019il est \u00e0 ce jour le dernier comte du comt\u00e9 de Toulouse avant que celui-ci soit rattach\u00e9 \u00e0 la couronne de France en 1271. Nous nous demanderons donc, quel r\u00f4le a jou\u00e9 Raymond VII dans le rattachement du comt\u00e9 de Toulouse \u00e0 la couronne de France ?<\/p>\n\n\n\n<p>Pour r\u00e9pondre \u00e0 cette probl\u00e9matique nous allons aborder plus en d\u00e9tail le comt\u00e9 de Toulouse ainsi que la gouvernance qu\u2019a men\u00e9 Raymond VII \u00e0 sa t\u00eate, afin d\u2019analyser le rapport qu\u2019entretenait Raymond VII avec les cathares et enfin \u00e9tudier les raisons du rattachement du comt\u00e9 \u00e0 la couronne de France.<\/p>\n\n\n\n<figure class=\"wp-block-image size-large\"><img loading=\"lazy\" width=\"1000\" height=\"550\" src=\"https:\/\/blogs.univ-jfc.fr\/vphn\/wp-content\/uploads\/sites\/65\/2024\/04\/Toulouse1180-1.jpg\" alt=\"\" class=\"wp-image-13844\" srcset=\"https:\/\/blogs.univ-jfc.fr\/vphn\/wp-content\/uploads\/sites\/65\/2024\/04\/Toulouse1180-1.jpg 1000w, https:\/\/blogs.univ-jfc.fr\/vphn\/wp-content\/uploads\/sites\/65\/2024\/04\/Toulouse1180-1-300x165.jpg 300w, https:\/\/blogs.univ-jfc.fr\/vphn\/wp-content\/uploads\/sites\/65\/2024\/04\/Toulouse1180-1-768x422.jpg 768w\" sizes=\"(max-width: 706px) 89vw, (max-width: 767px) 82vw, 740px\" \/><figcaption><strong>Carte repr\u00e9sentant le comt\u00e9 de Toulouse \u00e0 partir de la carte \u00ab\u00a0La France en 1180\u00a0\u00bb r\u00e9alis\u00e9e par Zigeuner<\/strong><\/figcaption><\/figure>\n\n\n\n<p>Pour remettre dans le contexte, le comt\u00e9 de Toulouse est cr\u00e9\u00e9 par Charlemagne en 778 apr\u00e8s la d\u00e9faite de Roncevaux. Jusqu\u2019en 848 le comt\u00e9 de Toulouse est rattach\u00e9 au royaume d\u2019aquitaine, cependant apr\u00e8s l\u2019\u00e9clatement politique de ce dernier et le d\u00e9placement de son centre de puissance \u00e0 Poitier, le comt\u00e9 de Toulouse arrive dans les mains des comtes du Rouergue. C\u2019est le d\u00e9but de la dynastie des Raimondins. En 1094, c\u2019est Raymond IV de St-Gilles qui devient \u00e0 son tour comte de Toulouse et qui va notamment mener le comt\u00e9 \u00e0 son apog\u00e9e en termes de superficie. On retrouve notamment le comt\u00e9 de Rouergue, du Quercy, le duch\u00e9 de Narbonne, le marquisat de Gothie etc. C\u2019est donc un tr\u00e8s large territoire qui ne se limite plus du tout \u00e0 la ville de Toulouse et ses alentours. En 1197 Raymond VI comte de Toulouse vient d\u2019avoir son premier fils Raymond dit le jeune qui h\u00e9ritera donc plus tard du comt\u00e9 sous le nom de Raymond VII.  Pour mieux cerner Raymond, nous allons nous int\u00e9resser \u00e0 sa politique et la gestion de son territoire.<\/p>\n\n\n\n<p><strong>Mani\u00e8re de g\u00e9rer son territoire&nbsp;<\/strong><\/p>\n\n\n\n<p><strong>On peut distinguer des d\u00e9cisions<\/strong> de Raymond VII et de son p\u00e8re notamment \u00e0 Toulouse qui r\u00e9v\u00e8lent leur volont\u00e9 d\u2019unit\u00e9 de la population autour de leur personne.&nbsp;<\/p>\n\n\n\n<p>En 1219, Raymond VI d\u00e9cide d\u2019exempter les marchands toulousains du paiement de toutes taxes ou p\u00e9ages dans ses domaines, cela fait suite \u00e0 la d\u00e9fense victorieuse de la ville f\u00e2ce au si\u00e8ge de Louis VIII et Amaury VI de montfort qui f\u00fbrent r\u00e9sign\u00e9s \u00e0 retourner sur leurs terres. Cette exemption f\u00fbt suivis par diff\u00e9rents seigneurs (Comte de foix, d\u2019Astarac) et surtout confirmer par Raymond VII \u00e0 son arriv\u00e9e au pouvoir en 1222, il ne manquera pas de conserver aussi toutes les coutumes de la ville, et la conservation de la monnaie, il \u00e9tablit ainsi la continuit\u00e9 avec son p\u00e8re tout en r\u00e9cup\u00e9rant les faveurs de la population. On pourrait aussi \u00e9voquer le fait qu\u2019il donne plus de pouvoirs aux consuls en leur&nbsp; attribuant la gestion des b\u00e2timents religieux&nbsp;<\/p>\n\n\n\n<p><strong>Raymond VII et les troubadours&nbsp;<\/strong><\/p>\n\n\n\n<p>Raymond VII est entour\u00e9 de troubadours \u00e0 sa cours&nbsp; avec lesquels il a parfois grandis.&nbsp;On pourrait citer par exemple : Peire Cardenal ou encore Gui de Cavaillon (pour les plus connus). Ces derniers jouent un r\u00f4le important que ce soit pour <strong>l\u2019image du comte en termes de communication<\/strong> avec de nombreux po\u00e8mes \u00e9logieux (grands comptes, aristocrates, id\u00e9al chevaleresque, \u2026).&nbsp;&nbsp;<\/p>\n\n\n\n<p>Toutefois, on peut relever, la cas du troubadour de Lamanon appartenant \u00e0 la cour du comte d&rsquo;Aix en Provence, rival de Raymond VII qui d\u00e9peint une image d\u00e9valorisante du comte. Ce n\u2019est donc pas le seul \u00e0 utiliser ces m\u00e9thodes, d\u2019autre comte le font. Cependant, il faut quand m\u00eame souligner une sorte de consensus de la grande majorit\u00e9 des troubadours du midi qui sont assez \u201canti-fran\u00e7ais\u201d ou \u201canti-seigneurs\u201d (cela peut s\u2019expliquer par les croisades albigeoise ant\u00e9rieures ou plus largement dans un contexte de ressentiment face aux seigneurs du Nord cherchant \u00e0 s&rsquo;imposer dans le Languedoc) . Dans tous les cas, cela a pour effet de renforcer l\u2019aristocratie et la population \u00e0 lutter contre l&rsquo;ennemi : le roi, le pape ou encore des barons du nord sous la coupe du roi comme Simon de Montfort. Ainsi, gr\u00e2ce \u00e0 cavaillon et Peire, Raymond VII est repr\u00e9sent\u00e9 comme la figure de proue de r\u00e9sistance face aux seigneurs du nord.&nbsp;<\/p>\n\n\n\n<p><strong>Autre fonction des troubadours<\/strong> : Raymond VII va jusqu&rsquo;\u00e0 attribuer des fonctions politiques et diplomatiques \u00e0 ces troubadours. En effet, le cas de Peire de Cardenal le confirme puisque celui-ci est utilis\u00e9 comme une sorte de chancelier ou plut\u00f4t de repr\u00e9sentant du compte \u00e0 Paris. En effet, apr\u00e8s le trait\u00e9 de Meaux Paris en 1229, il est envoy\u00e9 \u00e0 la cour de Louis IX afin de repr\u00e9senter le compte et d&rsquo;assurer qu\u2019il tiendra ses engagements vis \u00e0 vis du trait\u00e9, cela n\u2019est pas absurde car il faut rappeler que les troubadours notamment \u00e0&nbsp; cette p\u00e9riode descendent de famille aristocratique et ont donc re\u00e7u une \u00e9ducation, c\u2019est son cas puisque son p\u00e8re \u00e9tait un chevalier respect\u00e9 et puissant, il le fera entrer encore enfant \u00e0 la chanoinerie du Puy-Notre-Dame, o\u00f9 il y apprendra notamment \u00e0 lire et \u00e0 chanter.&nbsp;<\/p>\n\n\n\n<p>On voit bien l\u2019utilisation politique des troubadours servant d\u2019une mani\u00e8re g\u00e9n\u00e9rale les seigneurs du midi pour valoriser leurs images ou nuire \u00e0 celle de leurs rivaux voire ennemis. Ainsi que l\u2019int\u00e9r\u00eat politique des troubadours gr\u00e2ce notamment \u00e0 leur \u00e9ducation.<\/p>\n\n\n\n<p><strong>Le cas de cordes, \u00e9tude de cas illustrant volont\u00e9 de Raymond VII<\/strong><\/p>\n\n\n\n<figure class=\"wp-block-image size-large\"><img loading=\"lazy\" width=\"768\" height=\"400\" src=\"https:\/\/blogs.univ-jfc.fr\/vphn\/wp-content\/uploads\/sites\/65\/2024\/04\/cordes-sur-ciel.jpg\" alt=\"\" class=\"wp-image-13845\" srcset=\"https:\/\/blogs.univ-jfc.fr\/vphn\/wp-content\/uploads\/sites\/65\/2024\/04\/cordes-sur-ciel.jpg 768w, https:\/\/blogs.univ-jfc.fr\/vphn\/wp-content\/uploads\/sites\/65\/2024\/04\/cordes-sur-ciel-300x156.jpg 300w\" sizes=\"(max-width: 706px) 89vw, (max-width: 767px) 82vw, 740px\" \/><figcaption>Photo de cordes-sur-ciel<\/figcaption><\/figure>\n\n\n\n<p>Elle f\u00fbt construite en 1222, on a encore aujourd\u2019hui la charte originale de sa fondation aux archives d\u00e9partementales d\u2019Albi. La cit\u00e9 de Cordes est construite comme une place forte dans le pays albigeois sur le plateau de mordagne (en hauteur pour mieux se pr\u00e9munir en cas d\u2019attaque) entour\u00e9 de remparts, on peut penser qu\u2019elle servirait seulement un r\u00f4le d\u00e9fensif en cas d\u2019invasion ou d\u2019attaque. Toutefois, on ne peut pas la r\u00e9duire \u00e0 un simple bastion, en effet, dans l\u2019article 2 de la charte, il est stipul\u00e9 que toutes personnes venant habiter la cit\u00e9 deviendra libre (propri\u00e9taire de la maison qu\u2019il construit, pouvant \u00eatre en transmit de p\u00e8re en fils \u2026). Raymond  VII va \u00e0 contre-courant du principe de f\u00e9odalit\u00e9 et de servitude d\u2019un paysan \u00e0 un seigneur et les incite donc \u00e0 venir habiter la cit\u00e9, comme dit l&rsquo;adage \u00ab\u00a0l&rsquo;air de la ville rend libre\u00a0\u00bb. En r\u00e9alit\u00e9, on sait qu\u2019au XII\u00e8me et m\u00eame XIII\u00e8me si\u00e8cle, on constate une forte croissance d\u00e9mographique en France, on peut conjecturer qu&rsquo;il cherche \u00e0 les rassembler sous son autorit\u00e9, et cr\u00e9er une forme de dynamisme entre ces gens en les rassemblant (dynamisme commercial, \u00e9conomique, fraternel, \u2026).<\/p>\n\n\n\n<p>D\u00e9sormais que l&rsquo;on peut cerner Raymond VII \u00e0 travers ces choix, il faudra nous int\u00e9resser \u00e0 sa gestion des conflits en l&rsquo;occurrence les croisades albigeoises et surtout \u00e0 quoi rime t-elle ?<\/p>\n\n\n\n<p><strong>Raymond VII f\u00e2ce aux croisades albigeoise&nbsp;<\/strong><\/p>\n\n\n\n<p>Lorsque Raymond VII monte \u00e0 la t\u00eate du comt\u00e9 il va se retrouver comme son p\u00e8re face \u00e0 l\u2019h\u00e9r\u00e9sie cathare qui est utilis\u00e9e par le Pape et le Roi pour leur propres int\u00e9r\u00eats.<\/p>\n\n\n\n<p>Pour rappel le catharisme est un mouvement chr\u00e9tien consid\u00e9r\u00e9 comme h\u00e9r\u00e9tique par les catholiques qui a pour particularit\u00e9 de consid\u00e9rer que dieux est absent de ce monde et donc en cons\u00e9quence rejettent toute th\u00e9ologie, sacrements (donc l&rsquo;autorit\u00e9 de l\u2019Eglise) et ils consid\u00e8rent que le Paradis doit se vivre dans ce monde.&nbsp;<\/p>\n\n\n\n<p>Dans le midi bien qu\u2019\u00e9tant la zone o\u00f9 ils se d\u00e9veloppent le plus, le mouvement reste peu influent, son importance est exag\u00e9r\u00e9 par divers acteurs pour l\u2019utiliser comme pr\u00e9texte. Ces acteurs sont notamment les Papes dont Innocent III qui veulent voir notamment l\u2019ordre monastique Dominicain se d\u00e9velopper dans le Midi et qui voient dans une croisade l\u2019occasion de cr\u00e9er diverses institutions ou placer les dominicains \u00e0 leur t\u00eate. Les seconds acteurs sont les Roi de France qui souhaitent \u00e9tendre leur royaume face \u00e0 Toulouse, dernier grand comt\u00e9 ind\u00e9pendant et qui refuse la vassalisation.<\/p>\n\n\n\n<p><strong>Au XIIIe si\u00e8cle, la croisade des Albigeois plonge le comt\u00e9 de Toulouse dans un conflit sanglant<\/strong>, opposant les forces du pouvoir temporel et celles du pouvoir spirituel. En 1216, Raymond Le Jeune d\u00e9cide d&rsquo;assi\u00e9ger la ville strat\u00e9gique de Beaucaire, aux mains de Simon IV de Montfort, marquant le d\u00e9but d&rsquo;une s\u00e9rie d&rsquo;\u00e9v\u00e9nements qui bouleverseront la r\u00e9gion. Ce si\u00e8ge, motiv\u00e9 par des consid\u00e9rations politiques et religieuses, est per\u00e7u comme le point de d\u00e9part de la reconqu\u00eate du comt\u00e9 de Toulouse.<\/p>\n\n\n\n<p>L&rsquo;ann\u00e9e suivante, Raymond VI, alors en exil en Aragon, rassemble des chevaliers aragonais et retourne \u00e0 Toulouse pour reprendre la ville avec l&rsquo;aide de son fils, o\u00f9 il est accueilli en h\u00e9ros par ses sujets. Cette victoire marque un tournant dans le conflit, renfor\u00e7ant la position de Raymond VII face aux forces de Simon de Montfort. Les r\u00e9cits contemporains, comme la Chanson de la Croisade, c\u00e9l\u00e8brent le retour triomphal de Raymond VI, soulignant le soutien populaire dont il b\u00e9n\u00e9ficie.<\/p>\n\n\n\n<p>La mort de Simon de Montfort en 1218 donne un nouvel \u00e9lan aux partisans de Raymond VII, mais la succession par son fils Amaury prolonge le conflit. Ce n&rsquo;est qu&rsquo;en 1222 que Raymond VII parvient \u00e0 r\u00e9cup\u00e9rer la plupart de ses terres, \u00e0 l&rsquo;exception de quelques places fortes. Pendant ce temps, Louis VIII, nouveau roi r\u00e9cemment mont\u00e9 sur le tr\u00f4ne de France, s&rsquo;engage dans la croisade des Albigeois, cherchant \u00e0 \u00e9tendre son autorit\u00e9 dans le sud.<\/p>\n\n\n\n<figure class=\"wp-block-image size-large is-resized\"><img loading=\"lazy\" src=\"https:\/\/blogs.univ-jfc.fr\/vphn\/wp-content\/uploads\/sites\/65\/2024\/04\/Jean_Fouquet_-_Siege_dAvignon_1226_Death_of_Louis_VIII_Coronation_of_Saint_Louis_Louis_IX_M_-_MeisterDrucke-1057653-794x1024.jpg\" alt=\"\" class=\"wp-image-13846\" width=\"371\" height=\"478\" srcset=\"https:\/\/blogs.univ-jfc.fr\/vphn\/wp-content\/uploads\/sites\/65\/2024\/04\/Jean_Fouquet_-_Siege_dAvignon_1226_Death_of_Louis_VIII_Coronation_of_Saint_Louis_Louis_IX_M_-_MeisterDrucke-1057653-794x1024.jpg 794w, https:\/\/blogs.univ-jfc.fr\/vphn\/wp-content\/uploads\/sites\/65\/2024\/04\/Jean_Fouquet_-_Siege_dAvignon_1226_Death_of_Louis_VIII_Coronation_of_Saint_Louis_Louis_IX_M_-_MeisterDrucke-1057653-233x300.jpg 233w, https:\/\/blogs.univ-jfc.fr\/vphn\/wp-content\/uploads\/sites\/65\/2024\/04\/Jean_Fouquet_-_Siege_dAvignon_1226_Death_of_Louis_VIII_Coronation_of_Saint_Louis_Louis_IX_M_-_MeisterDrucke-1057653-768x990.jpg 768w, https:\/\/blogs.univ-jfc.fr\/vphn\/wp-content\/uploads\/sites\/65\/2024\/04\/Jean_Fouquet_-_Siege_dAvignon_1226_Death_of_Louis_VIII_Coronation_of_Saint_Louis_Louis_IX_M_-_MeisterDrucke-1057653.jpg 977w\" sizes=\"(max-width: 371px) 100vw, 371px\" \/><figcaption><strong>Si\u00e8ge d&rsquo;Avignon (1226). Mort de Louis VIII. Couronnement de Saint Louis (Louis IX). Miniature dans les \u00ab\u00a0Grandes Chroniques de France\u00a0\u00bb (251v) de Jean Fouquet.<\/strong><\/figcaption><\/figure>\n\n\n\n<p>La mort pr\u00e9matur\u00e9e de Louis VIII en 1226 laisse son fils Louis IX sur le tr\u00f4ne, alors que le conflit se poursuit. Cette continuit\u00e9 entre les rois d\u00e9montrent bel et bien la volont\u00e9 de la royaut\u00e9 de mettre la main sur le Languedoc. En 1229, le trait\u00e9 de Paris est sign\u00e9, mettant officiellement fin \u00e0 la croisade et imposant une p\u00e9nitence publique \u00e0 Raymond VII. Cependant, des tensions persistent, aliment\u00e9es par l&rsquo;\u00e9mergence de l&rsquo;Inquisition en 1233 et les r\u00e9bellions sporadiques contre l&rsquo;autorit\u00e9 royale.<\/p>\n\n\n\n<p>Ainsi, la croisade des Albigeois laisse des cicatrices profondes dans le comt\u00e9 de Toulouse, fa\u00e7onnant son histoire politique et religieuse pour les d\u00e9cennies \u00e0 venir, tandis que les r\u00e9cits contemporains comme la Chanson de la Croisade continuent \u00e0 inspirer la m\u00e9moire collective de cette p\u00e9riode tumultueuse.<\/p>\n\n\n\n<p><strong>Le trait\u00e9 de Paris de 1229 <\/strong>a redessin\u00e9 la g\u00e9opolitique du comt\u00e9 en laissant \u00e0 Raymond VII seulement le haut Languedoc, tandis que le bas Languedoc \u00e9tait occup\u00e9 par des vassaux de la couronne de France. Malgr\u00e9 cela, certains vassaux reconnaissaient toujours Raymond VII comme leur seigneur sup\u00e9rieur plut\u00f4t que le roi de France. En 1241, Raymond VII pr\u00eate serment au roi de France mais ne met que peu d&rsquo;efforts pour assi\u00e9ger Monts\u00e9gur, un bastion cathare. Il pr\u00e9pare plut\u00f4t des alliances avec des nobles locaux ainsi que le roi d&rsquo;Aragon et Henri III d&rsquo;Angleterre pour attaquer la France sur deux fronts. Cependant, cette tentative \u00e9choue, le roi de France remportant la bataille de Taillebourg et Hugues de Lusignan capitulant. Raymond VII signe finalement la paix de Lorris en 1242, renouvelant le trait\u00e9 de Paris.<\/p>\n\n\n\n<figure class=\"wp-block-image size-large is-resized\"><img loading=\"lazy\" src=\"https:\/\/blogs.univ-jfc.fr\/vphn\/wp-content\/uploads\/sites\/65\/2024\/04\/TRAITE-MEAUX.jpg\" alt=\"\" class=\"wp-image-13847\" width=\"317\" height=\"470\" srcset=\"https:\/\/blogs.univ-jfc.fr\/vphn\/wp-content\/uploads\/sites\/65\/2024\/04\/TRAITE-MEAUX.jpg 447w, https:\/\/blogs.univ-jfc.fr\/vphn\/wp-content\/uploads\/sites\/65\/2024\/04\/TRAITE-MEAUX-203x300.jpg 203w\" sizes=\"(max-width: 317px) 100vw, 317px\" \/><figcaption><strong>1229 &#8211; le trait\u00e9 de Meaux \u2013 appel\u00e9 aussi \u00ab&nbsp;Trait\u00e9 de Paris&nbsp;\u00bb ou de \u00ab&nbsp;Paris-Meaux&nbsp;\u00bb.<\/strong><\/figcaption><\/figure>\n\n\n\n<p><strong>Par ailleurs, l\u2019imposition de la foi catholique<\/strong> devient un moyen important d\u2019imposer l\u2019autorit\u00e9 du Pape et celui du roi. Le trait\u00e9 de Meaux-Paris en 1229 ordonne la construction de l\u2019universit\u00e9 de Toulouse, o\u00f9 de nombreux th\u00e9ologiens r\u00e9put\u00e9s y venaient notamment de l\u2019universit\u00e9 de Paris&nbsp; pour lutter contre l\u2019h\u00e9r\u00e9sie. Par exemple, Jean de Garlande, qui f\u00fbt un grammairien connu pour la confection d\u2019un dictionnaire en latin, ce dernier s&rsquo;occupa de la d\u00e9fense de la foi et \u00e9tait connu pour son temp\u00e9rament de \u201ccrois\u00e9s\u201d et son m\u00e9pris pour les Toulousains. On pourrait conjecturer que ces derniers repr\u00e9sentait aussi la personne de Louis IX, et donc son autorit\u00e9 sur Toulouse. Cette id\u00e9e \u00e9tait renforc\u00e9e par le fait que l\u2019entretien des ma\u00eetres en th\u00e9ologies et des locaux \u00e9taient \u00e0 la charge de Raymond VII, on y voit ici l\u2019assujetisation du comte au roi.&nbsp;<\/p>\n\n\n\n<p>De plus, l&rsquo;une des clauses du trait\u00e9 de Mont-Paris est de mener<strong> une politique de r\u00e9pression <\/strong>\u00e0 l\u2019\u00e9gard des h\u00e9r\u00e9tiques. En 1229, apr\u00e8s Meaux-Paris, se tint \u00e0 Toulouse un concil pr\u00e9sid\u00e9 par le l\u00e9gat pontifical, qui institue dans chaque paroisse une commission d\u2019enqu\u00eate qui \u201crechercherait les h\u00e9r\u00e9tiques et exigerait des habitants le serment de rester fid\u00e8le aux enseignements de l\u2019\u00e9glise\u201d. Cette politique s&rsquo;accentue en 1234 avec la cr\u00e9ation de tribunaux plac\u00e9s sous la direction du pape et sp\u00e9cialement cr\u00e9\u00e9s pour lutter contre l&rsquo;h\u00e9r\u00e9sie. Ces derniers fonctionnent avec des enqu\u00eates, des d\u00e9nonciations de voisins\u2026 Et m\u00eame parfois dans certains interrogatoire, on retrouve l\u2019emploie de la question (torture), si l\u2019accus\u00e9 est reconnue coupable, il sera tu\u00e9 et souvent par les flammes. En t\u00e9moigne l\u2019\u00e9pisode qui nous est relat\u00e9 par Wolff dans son ouvrage sur l\u2019histoire de Toulouse de Jean de Teisseire, un habitant du bourg, cit\u00e9 et condamn\u00e9 par les inquisiteurs, il sera arr\u00eat\u00e9 avec d\u2019autre cathares et livr\u00e9s aux flammes \u00e0 cause de leurs croyances h\u00e9r\u00e9tique.<\/p>\n\n\n\n<p><strong>Le Rattachement du comt\u00e9 \u00e0 la couronne<\/strong><\/p>\n\n\n\n<p>Finalement, ce qui scellera le rattachement du comt\u00e9 \u00e0 la couronne, c&rsquo;est <strong>le mariage de la fille de Raymond VII au fr\u00e8re du roi.<\/strong><\/p>\n\n\n\n<p><strong>Strat\u00e9gie matrimoniale<\/strong><\/p>\n\n\n\n<p>Si on constate que Raymond VII perd progressivement son pouvoir et gouverne de moins en mois un comt\u00e9 qui perd en puissance. Il reste toutefois l\u2019autorit\u00e9 l\u00e9gitime pour r\u00e9gner sur celui-ci. L\u2019un des \u00e9l\u00e9ments essentiels qui ach\u00e8ve le processus de rattachement du comt\u00e9 \u00e0 la couronne, c\u2019est le mariage de sa fille au fr\u00e8re du roi. En effet, en 1227 (2 ans avant le trait\u00e9 de Mont-Paris) Jeanne de Toulouse, fille de Raymond VII se marie avec Alphonse de France, fr\u00e8re du roi Louis IX (futur Alphonse de Poitiers). Ce mariage est \u00e9videmment un \u00e9v\u00e9nement symbolique et diplomatique qui t\u00e9moigne certes de la soumission de Raymond VII mais qui ent\u00e9rine surtout le rattachement du comt\u00e9 \u00e0 la couronne de France.<\/p>\n\n\n\n<p>Toutefois, on peut relever l\u2019ultime tentative de Raymond VII de conserver son comt\u00e9 en&nbsp; r\u00e9pudiant son \u00e9pouse Sancie d\u2019Aragon, qui avait pr\u00e8s de quarante-cinq ans, et se remarier avec Marguerite de la Marche et esp\u00e9rer avoir un fils, dont la seule existence, malgr\u00e9 les clauses du trait\u00e9 de Paris, aurait pes\u00e9 lourd dans le jeu politique. Le mariage f\u00fbt donc c\u00e9l\u00e9br\u00e9 \u00e0 Angoul\u00eame en 1243 mais n\u2019aboutira lui non plus \u00e0 aucune descendance.<\/p>\n\n\n\n<p>Ainsi, \u00e0 la mort de Raymond VII en 1249, le comt\u00e9 revient \u00e0 Alphonse de Poitiers et devient officiellement la propri\u00e9t\u00e9 de la couronne de France.<\/p>\n\n\n\n<p>Lien vers bibliographie : <a rel=\"noreferrer noopener\" target=\"_blank\" href=\"http:\/\/blogs.univ-jfc.fr\/vphn\/?p=13928\">http:\/\/blogs.univ-jfc.fr\/vphn\/?p=13928(ouvre un nouvel onglet)<\/a><\/p>\n","protected":false},"excerpt":{"rendered":"<p>\u201cMoi, avec les barons de ma terre dont j\u2019ai \u00e9prouv\u00e9 la valeur, avec ma compagnie et mes intimes, avec les Toulousains, en qui j\u2019ai toute confiance, et avec mon fr\u00e8re Bertrand, qui s\u2019y est bien pr\u00e9par\u00e9, j\u2019irai vous secourir avant que vous n\u2019ayez gu\u00e8re eu \u00e0 soutenir la lutte, de sorte qu\u2019\u00e0 la fin du &hellip; <\/p>\n<p class=\"link-more\"><a href=\"https:\/\/blogs.univ-jfc.fr\/vphn\/2024\/04\/21\/raymond-vii-et-le-comte-de-toulouse\/\" class=\"more-link\">Continuer la lecture<span class=\"screen-reader-text\"> de &laquo;&nbsp;Raymond VII et le comt\u00e9 de Toulouse&nbsp;&raquo;<\/span><\/a><\/p>\n","protected":false},"author":1437,"featured_media":0,"comment_status":"closed","ping_status":"closed","sticky":false,"template":"","format":"standard","meta":[],"categories":[12],"tags":[],"_links":{"self":[{"href":"https:\/\/blogs.univ-jfc.fr\/vphn\/wp-json\/wp\/v2\/posts\/13772"}],"collection":[{"href":"https:\/\/blogs.univ-jfc.fr\/vphn\/wp-json\/wp\/v2\/posts"}],"about":[{"href":"https:\/\/blogs.univ-jfc.fr\/vphn\/wp-json\/wp\/v2\/types\/post"}],"author":[{"embeddable":true,"href":"https:\/\/blogs.univ-jfc.fr\/vphn\/wp-json\/wp\/v2\/users\/1437"}],"replies":[{"embeddable":true,"href":"https:\/\/blogs.univ-jfc.fr\/vphn\/wp-json\/wp\/v2\/comments?post=13772"}],"version-history":[{"count":6,"href":"https:\/\/blogs.univ-jfc.fr\/vphn\/wp-json\/wp\/v2\/posts\/13772\/revisions"}],"predecessor-version":[{"id":13936,"href":"https:\/\/blogs.univ-jfc.fr\/vphn\/wp-json\/wp\/v2\/posts\/13772\/revisions\/13936"}],"wp:attachment":[{"href":"https:\/\/blogs.univ-jfc.fr\/vphn\/wp-json\/wp\/v2\/media?parent=13772"}],"wp:term":[{"taxonomy":"category","embeddable":true,"href":"https:\/\/blogs.univ-jfc.fr\/vphn\/wp-json\/wp\/v2\/categories?post=13772"},{"taxonomy":"post_tag","embeddable":true,"href":"https:\/\/blogs.univ-jfc.fr\/vphn\/wp-json\/wp\/v2\/tags?post=13772"}],"curies":[{"name":"wp","href":"https:\/\/api.w.org\/{rel}","templated":true}]}}