{"id":13800,"date":"2024-05-07T18:19:30","date_gmt":"2024-05-07T16:19:30","guid":{"rendered":"http:\/\/blogs.univ-jfc.fr\/vphn\/?p=13800"},"modified":"2024-05-07T18:19:30","modified_gmt":"2024-05-07T16:19:30","slug":"lexicographie","status":"publish","type":"post","link":"https:\/\/blogs.univ-jfc.fr\/vphn\/2024\/05\/07\/lexicographie\/","title":{"rendered":"Lexicographie"},"content":{"rendered":"\n<p><span style=\"text-decoration: underline\"><strong>G\u00e9ographie :<\/strong><\/span><\/p>\n\n\n\n<p><span style=\"text-decoration: underline\">Louisiane (\u00c9tats-Unis) :<\/span> \u00e9tat du sud-est des \u00c9tats-Unis bordant le golfe du Mexique. La capitale est B\u00e2ton-Rouge et la plus grande ville est La Nouvelle Orl\u00e9ans. La Louisiane est ind\u00e9pendante depuis 30 avril 1812.<\/p>\n\n\n\n<p><span style=\"text-decoration: underline\">Louisiane (Nouvelle-France) :<\/span> territoire de la Nouvelle-France s&rsquo;\u00e9tendant de l&rsquo;actuel sud-est des \u00c9tats-Unis au nord-ouest du pays. Nomm\u00e9e en l&rsquo;honneur du roi Louis XIV, la Louisiane fran\u00e7aise est par la suite vendue le 30 avril 1803 aux am\u00e9ricains par Napol\u00e9on Ier.<\/p>\n\n\n\n<p><span style=\"text-decoration: underline\">Maine :<\/span> \u00e9tat de l&rsquo;extr\u00eame nord-est des \u00c9tats-Unis, frontalier du Qu\u00e9bec.<\/p>\n\n\n\n<p><span style=\"text-decoration: underline\">Mississippi (\u00e9tat) :<\/span> \u00e9tat du sud-est des \u00c9tats-Unis ayant appartenu \u00e0 la Nouvelle-France.<\/p>\n\n\n\n<p><span style=\"text-decoration: underline\">Mississippi (fleuve) :<\/span> fleuve am\u00e9ricain s&rsquo;\u00e9coulant du nord du pays, au Minnesota, au sud-est, se jetant dans le golfe du Mexique apr\u00e8s La Nouvelle-Orl\u00e9ans.<\/p>\n\n\n\n<p><span style=\"text-decoration: underline\">Port de la Balise :<\/span> fort fran\u00e7ais situ\u00e9 sur le delta du Mississippi, il permettait de transf\u00e9rer des marchandises depuis ou vers le vieux port de La Nouvelle-Orl\u00e9ans. Ainsi, les grands navires marchands circulant en mer pouvaient y d\u00e9poser leurs cargaisons pour que par la suite, d&rsquo;autres navires plus petits, et plus adapt\u00e9s \u00e0 la navigation fluviale, puissent les acheminer vers la ville.<\/p>\n\n\n\n<p><span style=\"text-decoration: underline\">Port historique :<\/span> premier port \u00e9tablis par les colons fran\u00e7ais. Il se trouvait aux abords directs du Vieux-Carr\u00e9 mais il ne permettait de naviguer que sur le fleuve Mississippi et non sur la mer des Cara\u00efbes (dont le delta se situe largement en aval).<\/p>\n\n\n\n<p><span style=\"text-decoration: underline\">Nouvelle-France (1534-1763) :<\/span> colonie fran\u00e7aise d&rsquo;Am\u00e9rique du Nord fond\u00e9e en 1534 lorsque Jacques Cartier, explorateur et colon fran\u00e7ais, d\u00e9couvre le Canada. La colonie est dissoute en 1763 lors du trait\u00e9 de Paris, marquant la fin de la guerre de Sept Ans.<\/p>\n\n\n\n<p><span style=\"text-decoration: underline\">Pays des Illinois :<\/span> aussi appel\u00e9 Haute-Louisiane, subdivision administrative et politique de la Louisiane durant l&rsquo;existence de la Nouvelle-France.<\/p>\n\n\n\n<p><span style=\"text-decoration: underline\"><em>Vieux Carr\u00e9 :<\/em><\/span> quartier historique de La Nouvelle-Orl\u00e9ans, fond\u00e9 d\u00e8s 1718. Le quartier est toujours remarquable aujourd&rsquo;hui notamment par son architecture.<\/p>\n\n\n\n<p><\/p>\n\n\n\n<p><span style=\"text-decoration: underline\"><strong>Personnages et faits historiques :<\/strong><\/span><\/p>\n\n\n\n<p><span style=\"text-decoration: underline\">Adrien de Pauger (<\/span><span style=\"text-decoration: underline\">\u22481682-1726) <\/span><span style=\"text-decoration: underline\">:<\/span> ing\u00e9nieur et architecte fran\u00e7ais qui d\u00e9signa les plans du <em>Vieux Carr\u00e9 <\/em>de La Nouvelle-Orl\u00e9ans.<\/p>\n\n\n\n<p><span style=\"text-decoration: underline\">Guerre civile (1747-1750) :<\/span> p\u00e9riode de troubles \u00e9conomiques et sociaux au sein de la communaut\u00e9 des Chactas entre la faction pro-fran\u00e7aise et celle pro-britannique. Elle va causer la mort de plus d&rsquo;une centaine habitants de la tribu.<\/p>\n\n\n\n<p><span style=\"text-decoration: underline\">Guerre de Sept Ans (1756-1763) :<\/span> premier grand conflit international opposant les diff\u00e9rentes grandes puissances europ\u00e9ennes.<\/p>\n\n\n\n<p><span style=\"text-decoration: underline\">John Law (1671-1729) :<\/span> banquier et \u00e9conomiste franco-\u00e9cossais. Il a notamment cr\u00e9\u00e9 le syst\u00e8me de Law (1715-1720) ayant pour objectif de liquider la dette laiss\u00e9e par Louis XIV, mais il a aussi jouer un r\u00f4le important dans l&rsquo;histoire de la Compagnie des Indes.<\/p>\n\n\n\n<p><span style=\"text-decoration: underline\">Louis Pierre Le Blond de la Tour (1673-1723) :<\/span> ing\u00e9nieur fran\u00e7ais ayant jou\u00e9 un r\u00f4le important dans l&rsquo;am\u00e9nagement de La Nouvelle-Orl\u00e9ans.<\/p>\n\n\n\n<p><span style=\"text-decoration: underline\">Phillipe d&rsquo;Orl\u00e9ans (1674-1723) :<\/span> r\u00e9gent du royaume de France (1715-1723) durant la minorit\u00e9 de Louis XV.<\/p>\n\n\n\n<p><span style=\"text-decoration: underline\">Pierre Le Moyne d\u2019Iberville<\/span><span style=\"text-decoration: underline\"> (1661-1706) :<\/span> navigateur, militaire, commer\u00e7ant et explorateur fran\u00e7ais. Il a notamment particip\u00e9 \u00e0 l&rsquo;\u00e9tablissement de La Nouvelle-Orl\u00e9ans.<\/p>\n\n\n\n<p><\/p>\n\n\n\n<p><span style=\"text-decoration: underline\"><strong>Soci\u00e9t\u00e9 :<\/strong><\/span><\/p>\n\n\n\n<p><span style=\"text-decoration: underline\">Chactas :<\/span> peuple am\u00e9rindien issu du sud des \u00c9tats-Unis (Alabama, Mississippi et Louisiane).<\/p>\n\n\n\n<p><span style=\"text-decoration: underline\">Compagnie des Indes (orientales) :<\/span> compagnie coloniale fran\u00e7aise fond\u00e9e par Jean-Baptiste Colbert, premier ministre d&rsquo;\u00c9tat sous Louis XIV. L&rsquo;objectif \u00e9tait de perp\u00e9tuer la dynamique du commerce fran\u00e7ais, notamment par le biais de la traite atlantique.<\/p>\n\n\n\n<p><span style=\"text-decoration: underline\">Cr\u00e9ole :<\/span> d\u00e9signe ici une communaut\u00e9 m\u00e9tiss\u00e9e r\u00e9sultant du m\u00e9lange des cultures europ\u00e9ennes, africaines et am\u00e9rindiennes.<\/p>\n\n\n\n<p><span style=\"text-decoration: underline\">Traite atlantique :<\/span> d\u00e9signe le syst\u00e8me commercial reliant l&rsquo;Europe, l&rsquo;Afrique et l&rsquo;Am\u00e9rique.  Des esclaves noirs venant d&rsquo;Afrique sont amen\u00e9s en Am\u00e9rique afin d&rsquo;\u00eatre \u00e9chang\u00e9s contre diff\u00e9rentes denr\u00e9es coloniales (sucre, caf\u00e9, cacao&#8230;) qui sont elles ramen\u00e9es sur le continent europ\u00e9en.<\/p>\n","protected":false},"excerpt":{"rendered":"<p>G\u00e9ographie : Louisiane (\u00c9tats-Unis) : \u00e9tat du sud-est des \u00c9tats-Unis bordant le golfe du Mexique. La capitale est B\u00e2ton-Rouge et la plus grande ville est La Nouvelle Orl\u00e9ans. La Louisiane est ind\u00e9pendante depuis 30 avril 1812. Louisiane (Nouvelle-France) : territoire de la Nouvelle-France s&rsquo;\u00e9tendant de l&rsquo;actuel sud-est des \u00c9tats-Unis au nord-ouest du pays. Nomm\u00e9e en &hellip; <\/p>\n<p class=\"link-more\"><a href=\"https:\/\/blogs.univ-jfc.fr\/vphn\/2024\/05\/07\/lexicographie\/\" class=\"more-link\">Continuer la lecture<span class=\"screen-reader-text\"> de &laquo;&nbsp;Lexicographie&nbsp;&raquo;<\/span><\/a><\/p>\n","protected":false},"author":1144,"featured_media":0,"comment_status":"closed","ping_status":"closed","sticky":false,"template":"","format":"standard","meta":[],"categories":[19],"tags":[],"_links":{"self":[{"href":"https:\/\/blogs.univ-jfc.fr\/vphn\/wp-json\/wp\/v2\/posts\/13800"}],"collection":[{"href":"https:\/\/blogs.univ-jfc.fr\/vphn\/wp-json\/wp\/v2\/posts"}],"about":[{"href":"https:\/\/blogs.univ-jfc.fr\/vphn\/wp-json\/wp\/v2\/types\/post"}],"author":[{"embeddable":true,"href":"https:\/\/blogs.univ-jfc.fr\/vphn\/wp-json\/wp\/v2\/users\/1144"}],"replies":[{"embeddable":true,"href":"https:\/\/blogs.univ-jfc.fr\/vphn\/wp-json\/wp\/v2\/comments?post=13800"}],"version-history":[{"count":12,"href":"https:\/\/blogs.univ-jfc.fr\/vphn\/wp-json\/wp\/v2\/posts\/13800\/revisions"}],"predecessor-version":[{"id":14140,"href":"https:\/\/blogs.univ-jfc.fr\/vphn\/wp-json\/wp\/v2\/posts\/13800\/revisions\/14140"}],"wp:attachment":[{"href":"https:\/\/blogs.univ-jfc.fr\/vphn\/wp-json\/wp\/v2\/media?parent=13800"}],"wp:term":[{"taxonomy":"category","embeddable":true,"href":"https:\/\/blogs.univ-jfc.fr\/vphn\/wp-json\/wp\/v2\/categories?post=13800"},{"taxonomy":"post_tag","embeddable":true,"href":"https:\/\/blogs.univ-jfc.fr\/vphn\/wp-json\/wp\/v2\/tags?post=13800"}],"curies":[{"name":"wp","href":"https:\/\/api.w.org\/{rel}","templated":true}]}}