{"id":13813,"date":"2024-04-21T00:39:57","date_gmt":"2024-04-20T22:39:57","guid":{"rendered":"http:\/\/blogs.univ-jfc.fr\/vphn\/?p=13813"},"modified":"2024-09-12T10:03:09","modified_gmt":"2024-09-12T08:03:09","slug":"natzweiler-struthof-un-camp-de-concentration-allemand-en-alsace-annexee","status":"publish","type":"post","link":"https:\/\/blogs.univ-jfc.fr\/vphn\/2024\/04\/21\/natzweiler-struthof-un-camp-de-concentration-allemand-en-alsace-annexee\/","title":{"rendered":"Natzweiler &#8211; Struthof : Un camp de concentration allemand en Alsace annex\u00e9e"},"content":{"rendered":"\n<figure class=\"wp-block-image size-large is-resized\"><img loading=\"lazy\" src=\"https:\/\/blogs.univ-jfc.fr\/vphn\/wp-content\/uploads\/sites\/65\/2024\/04\/IMG_7645-1024x768.jpeg\" alt=\"\" class=\"wp-image-13840\" width=\"672\" height=\"504\" srcset=\"https:\/\/blogs.univ-jfc.fr\/vphn\/wp-content\/uploads\/sites\/65\/2024\/04\/IMG_7645-1024x768.jpeg 1024w, https:\/\/blogs.univ-jfc.fr\/vphn\/wp-content\/uploads\/sites\/65\/2024\/04\/IMG_7645-300x225.jpeg 300w, https:\/\/blogs.univ-jfc.fr\/vphn\/wp-content\/uploads\/sites\/65\/2024\/04\/IMG_7645-768x576.jpeg 768w, https:\/\/blogs.univ-jfc.fr\/vphn\/wp-content\/uploads\/sites\/65\/2024\/04\/IMG_7645-1536x1152.jpeg 1536w, https:\/\/blogs.univ-jfc.fr\/vphn\/wp-content\/uploads\/sites\/65\/2024\/04\/IMG_7645.jpeg 2048w\" sizes=\"(max-width: 672px) 100vw, 672px\" \/><figcaption>Entr\u00e9e de l&rsquo;ancien camp de concentration Natzweiler-Struthof et le M\u00e9morial aux h\u00e9ros et Martyrs de la D\u00e9portation en fond, Photographie personnelle<\/figcaption><\/figure>\n\n\n\n<p><strong><strong>La cr\u00e9ation du camp<\/strong><\/strong><\/p>\n\n\n\n<p>D\u00e8s les ann\u00e9es 1920, Hitler a pour projet de construire un empire allemand dont la capitale se pr\u00e9nommerait Germania, nouvelle capitale du monde. Ces futurs chantiers de constructions monumentaux n\u00e9cessitent des besoins en mat\u00e9riaux. Le granit est tr\u00e8s recherch\u00e9 et appr\u00e9ci\u00e9 par l\u2019Allemagne nazie pour ces travaux de construction. Ainsi, Heinrich Himmler fonde l\u2019entreprise mini\u00e8re <em>Deutsche Erd und Steinwerke GmbH<\/em> le 29 avril 1938. Cette entreprise est cens\u00e9e acqu\u00e9rir des mat\u00e9riaux de construction. Dans les faits, elle organise surtout le travail forc\u00e9.&nbsp;<\/p>\n\n\n\n<p>Le lieu-dit du Struthof \u00e9tait bien connu par des Strasbourgeois qui avaient l\u2019habitude de venir y faire du ski en hiver ou de s\u2019y promener en \u00e9t\u00e9. D\u00e8s septembre 1940, un filon de granit rose est rep\u00e9r\u00e9 par le g\u00e9ologue et colonel SS Blumberg qui d\u00e9cide d\u2019implanter un camp \u00e0 proximit\u00e9 du lieu-dit du Struthof, sur les hauteurs de la commune de Natzweiler. Le camp est officiellement ouvert le 1er mai 1941.&nbsp;<\/p>\n\n\n\n<figure class=\"wp-block-image size-large is-resized\"><img loading=\"lazy\" src=\"https:\/\/blogs.univ-jfc.fr\/vphn\/wp-content\/uploads\/sites\/65\/2024\/04\/articles_struthof-skieurs_0.jpg\" alt=\"\" class=\"wp-image-13895\" width=\"515\" height=\"325\" srcset=\"https:\/\/blogs.univ-jfc.fr\/vphn\/wp-content\/uploads\/sites\/65\/2024\/04\/articles_struthof-skieurs_0.jpg 480w, https:\/\/blogs.univ-jfc.fr\/vphn\/wp-content\/uploads\/sites\/65\/2024\/04\/articles_struthof-skieurs_0-300x189.jpg 300w\" sizes=\"(max-width: 515px) 100vw, 515px\" \/><figcaption>Skieurs au Struthof, carte postale, vers 1930, <a href=\"https:\/\/www.cheminsdememoire.gouv.fr\/fr\/struthof-histoire-du-camp\">Chemin de M\u00e9moire<\/a> <\/figcaption><\/figure>\n\n\n\n<h2><strong>Les premiers d\u00e9tenus<\/strong><\/h2>\n\n\n\n<p>Le KL-Natzweiler ouvre officiellement ses portes le 1er mai 1941. Les premiers d\u00e9tenus arrivent entre le 21 et le 23 mai 1941, en provenance du camp de Sachsenhausen en Allemagne. Ce sont des d\u00e9port\u00e9s de droit commun, des \u00ab\u00a0asociaux\u00a0\u00bb, des d\u00e9serteurs ou des r\u00e9fractaires de l\u2019arm\u00e9e allemande la <em>Wehrmacht<\/em>, essentiellement des Allemands, des Polonais et des Tch\u00e8ques. Pour rejoindre le camp, les d\u00e9tenus arrivent par la gare de Rothau et marchent environ 7 kilom\u00e8tres afin de rejoindre le camp. Lors du transport, ils sont entass\u00e9s dans les wagons des trains, tel du b\u00e9tail. D\u00e8s la descente du train, les d\u00e9port\u00e9s sont accueillis par les hurlements, les insultes, les coups des SS et les aboiements de leurs chiens. <\/p>\n\n\n\n<h2><strong>52 000 d\u00e9tenus provenant de toute l\u2019Europe<\/strong><\/h2>\n\n\n\n<p>Entre 1941 et 1944, 52 000 d\u00e9tenus se sont succ\u00e9d\u00e9s dans le camp du Struthof.  Ce camp de concentration a accueilli des prisonniers principalement issus de d\u00e9portations politiques (60%), mais aussi raciales (11%, essentiellement des juifs). Les d\u00e9tenus \u00e9taient originaires de toute l\u2019Europe :  Pologne, Union Sovi\u00e9tique, Italie, Belgique, Luxembourg, Pays-Bas, Norv\u00e8ge, Allemagne et France.<\/p>\n\n\n\n<h2><strong>L\u2019organisation du camp<\/strong><\/h2>\n\n\n\n<p>Le KL-Natzweiler est d\u00e9limit\u00e9 par une double rang\u00e9e de barbel\u00e9s \u00e9lectrifi\u00e9s (380 volts) et des miradors. Compte tenu de sa localisation sur le versant d&rsquo;une montagne, le camp est construit avec une forte d\u00e9clivit\u00e9. Les premiers d\u00e9tenus sont oblig\u00e9s d\u2019am\u00e9nager la structure du camp en terrasse, comprenant 17 blocs parfaitement align\u00e9s s\u00e9par\u00e9s en deux rang\u00e9es. En 1943, sur la derni\u00e8re terrasse, un four cr\u00e9matoire est install\u00e9. Les deux premi\u00e8res baraques sont la cuisine et le secr\u00e9tariat des SS, ainsi qu&rsquo;une infirmerie pr\u00e9caire. Les SS disposaient d&rsquo;une biblioth\u00e8que, d&rsquo;une salle de cin\u00e9ma et avaient organis\u00e9 un orchestre compos\u00e9 de d\u00e9tenus qui jouaient le dimanche devant les SS. Une des d\u00e9pendances de l&rsquo;h\u00f4tel du Struthof, est am\u00e9nag\u00e9e en chambre \u00e0 gaz en 1943.&nbsp;La carri\u00e8re est \u00e9galement cl\u00f4tur\u00e9e et dot\u00e9e de baraquements, servant d\u2019entrep\u00f4t ou d\u2019atelier pour les kommandos de travail. <\/p>\n\n\n\n<figure class=\"wp-block-image size-large is-resized\"><img loading=\"lazy\" src=\"https:\/\/blogs.univ-jfc.fr\/vphn\/wp-content\/uploads\/sites\/65\/2024\/04\/IMG_1499-1024x768.jpeg\" alt=\"\" class=\"wp-image-13850\" width=\"444\" height=\"332\" srcset=\"https:\/\/blogs.univ-jfc.fr\/vphn\/wp-content\/uploads\/sites\/65\/2024\/04\/IMG_1499-1024x768.jpeg 1024w, https:\/\/blogs.univ-jfc.fr\/vphn\/wp-content\/uploads\/sites\/65\/2024\/04\/IMG_1499-300x225.jpeg 300w, https:\/\/blogs.univ-jfc.fr\/vphn\/wp-content\/uploads\/sites\/65\/2024\/04\/IMG_1499-768x576.jpeg 768w, https:\/\/blogs.univ-jfc.fr\/vphn\/wp-content\/uploads\/sites\/65\/2024\/04\/IMG_1499-1536x1152.jpeg 1536w, https:\/\/blogs.univ-jfc.fr\/vphn\/wp-content\/uploads\/sites\/65\/2024\/04\/IMG_1499.jpeg 2048w\" sizes=\"(max-width: 444px) 100vw, 444px\" \/><figcaption>Maquette du KL-Natzweiler, Mus\u00e9e du Struthof, Photographie personnelle<\/figcaption><\/figure>\n\n\n\n<h2><strong>Les kommandos : l\u2019extermination par le travail<\/strong><\/h2>\n\n\n\n<p>Les d\u00e9tenus sont indispensables aux travaux dans le camp. Il existe plusieurs types de kommandos. Le principal est sp\u00e9cialis\u00e9 dans la construction, notamment de blocs, de terrasses, de canalisations, et l&rsquo;installation des barbel\u00e9s,&#8230; Ainsi, un des projets d\u2019am\u00e9nagement du camp est la <em>Kartoffelkeller<\/em>, \u00ab\u00a0la cave \u00e0 pomme de terre\u00a0\u00bb. Il s\u2019agit d\u2019une excavation d\u2019environ 115 m de long creus\u00e9e \u00e0 m\u00eame la roche. Les historiens et les arch\u00e9ologues ne savent pas exactement qu&rsquo;elle aurait \u00e9t\u00e9 l\u2019utilit\u00e9 de la cave une fois achev\u00e9e. Les conditions de vie dans ces chantiers sont tr\u00e8s difficiles car les SS et les Kapos, d\u00e9tenus charg\u00e9s de surveiller d\u2019autres d\u00e9tenus, \u00ab\u00a0font preuve d\u2019un sadisme cibl\u00e9\u00a0\u00bb (R. Steegmann).\u00a0Il existait d\u2019autres kommandos : un pour l&rsquo;entretien vestimentaire (cordonnerie, couture,&#8230;), un autre pour le jardinage afin d\u2019entretenir les espaces verts du camp et les parterres de fleurs, ou bien un autre affect\u00e9 aux services (secr\u00e9tariat, coiffure, et cuisine).\u00a0Peu \u00e0 peu, l\u2019exploitation du granit diminue au profit de la r\u00e9paration des moteurs d\u2019avions de la marque Junkers. Les d\u00e9tenus du camp participent ainsi \u00e0 l\u2019effort de guerre allemand.<\/p>\n\n\n\n<figure class=\"wp-block-image size-large is-resized\"><img loading=\"lazy\" src=\"https:\/\/blogs.univ-jfc.fr\/vphn\/wp-content\/uploads\/sites\/65\/2024\/04\/travail-au-granit-rose.jpg\" alt=\"\" class=\"wp-image-13899\" width=\"459\" height=\"334\" srcset=\"https:\/\/blogs.univ-jfc.fr\/vphn\/wp-content\/uploads\/sites\/65\/2024\/04\/travail-au-granit-rose.jpg 824w, https:\/\/blogs.univ-jfc.fr\/vphn\/wp-content\/uploads\/sites\/65\/2024\/04\/travail-au-granit-rose-300x219.jpg 300w, https:\/\/blogs.univ-jfc.fr\/vphn\/wp-content\/uploads\/sites\/65\/2024\/04\/travail-au-granit-rose-768x560.jpg 768w\" sizes=\"(max-width: 459px) 100vw, 459px\" \/><figcaption>Kapo surveillant le travail des d\u00e9tenus dans les carri\u00e8res de granit rose, dessin de Rudolf Naess, <a href=\"https:\/\/www.dna.fr\/culture-loisirs\/2023\/11\/29\/un-ouvrage-qui-documente-l-horreur-du-struthof\">DNA<\/a><\/figcaption><\/figure>\n\n\n\n<h2><strong>Le KL-Natzweiler : lieu d\u2019exp\u00e9riences humaines<\/strong><\/h2>\n\n\n\n<p>L\u2019id\u00e9ologie antis\u00e9mite nazie port\u00e9e par Adolf Hitler pr\u00f4ne la sup\u00e9riorit\u00e9 de la race dite aryenne. Cette derni\u00e8re serait une \u00ab\u00a0race pure allemande\u00a0\u00bb primant sur les autres \u00ab\u00a0races\u00a0\u00bb. Des travaux dits scientifiques, men\u00e9s par des m\u00e9decins et professeurs allemands, tentent de confirmer cette th\u00e8se. Plusieurs exp\u00e9riences sont notamment men\u00e9es au sein du KL-Natzweiler pour la <em>Reichsuniversit\u00e4t <\/em>de Strasbourg.\u00a0<\/p>\n\n\n\n<figure class=\"wp-block-image size-large is-resized\"><img loading=\"lazy\" src=\"https:\/\/blogs.univ-jfc.fr\/vphn\/wp-content\/uploads\/sites\/65\/2024\/04\/Reichsuniversitat-de-Strasbourg-1.jpg\" alt=\"\" class=\"wp-image-13901\" width=\"515\" height=\"348\" srcset=\"https:\/\/blogs.univ-jfc.fr\/vphn\/wp-content\/uploads\/sites\/65\/2024\/04\/Reichsuniversitat-de-Strasbourg-1.jpg 1007w, https:\/\/blogs.univ-jfc.fr\/vphn\/wp-content\/uploads\/sites\/65\/2024\/04\/Reichsuniversitat-de-Strasbourg-1-300x203.jpg 300w, https:\/\/blogs.univ-jfc.fr\/vphn\/wp-content\/uploads\/sites\/65\/2024\/04\/Reichsuniversitat-de-Strasbourg-1-768x519.jpg 768w\" sizes=\"(max-width: 515px) 100vw, 515px\" \/><figcaption>Reichsuniversit\u00e4t Stra\u00dfburg : l&rsquo;Universit\u00e9 de Strasbourg sous le IIIe&nbsp;Reich, <a href=\"https:\/\/www.francebleu.fr\/infos\/societe\/l-universite-de-strasbourg-sous-le-iiie-reich-un-documentaire-diffuse-sur-arte-1527592329\">France Bleu<\/a><\/figcaption><\/figure>\n\n\n\n<p>Novembre 1941, le professeur August Hirt est nomm\u00e9 \u00e0 la t\u00eate de la <em>Reichsuniversit\u00e4t <\/em>de Strasbourg. Hirt, grand anatomiste, est convaincu par l\u2019id\u00e9ologie nazie. En 1942, il pratique sur les d\u00e9tenus du camp des exp\u00e9riences avec le gaz yp\u00e9rite (gaz moutarde). Ces exp\u00e9riences ont pour objectif de servir l\u2019effort de guerre allemand.\u00a0D\u00e8s 1942, Hirt souhaite r\u00e9unir une collection anatomique de la race dite juive, afin de l\u2019\u00e9tudier et d\u2019en garder une trace lorsqu\u2019elle sera totalement extermin\u00e9e. Une chambre \u00e0 gaz a \u00e9t\u00e9 am\u00e9nag\u00e9e dans l\u2019ancienne salle de bal de l\u2019auberge du Struthof pour ce projet. 57 hommes et 29 femmes ont \u00e9t\u00e9 s\u00e9lectionn\u00e9s \u00e0 Auschwitz puis transport\u00e9s jusqu\u2019au KL-Natzweiler. Le 11 ao\u00fbt 1943, les 15 premi\u00e8res femmes juives sont gaz\u00e9es sur l\u2019ordre de Josef Kramer. Le 13 ao\u00fbt, les 14 autres femmes subissent le m\u00eame sort. Les 14 et 15 ao\u00fbt, les 57 hommes s\u00e9lectionn\u00e9s sont \u00e0 leur tour assassin\u00e9s.<\/p>\n\n\n\n<p>Otto Bickenbach, virologue, utilise \u00e9galement la chambre \u00e0 gaz pour faire des exp\u00e9riences avec le gaz phosg\u00e8ne, un gaz de combat. Bickenbach avait pourtant trouv\u00e9 l\u2019antidote de ce gaz avant la guerre. Il r\u00e9alise ses exp\u00e9riences sur des tziganes et des d\u00e9port\u00e9s de droit commun.\u00a0Eugen Haagen, bact\u00e9riologue, r\u00e9alise des travaux autour du typhus. Entre 1943 et 1944, il r\u00e9alise deux s\u00e9ries d&rsquo;exp\u00e9riences lors desquelles il inocule le virus \u00e0 des sujets, certains vaccin\u00e9s et d\u2019autres non. Il avait lui-m\u00eame mis en place ce vaccin dont il \u00e9tait insatisfait. Ces exp\u00e9riences ne sont pas correctement r\u00e9alis\u00e9es et les sujets transmettent le typhus \u00e0 une partie des d\u00e9tenus du camp en 1944. <\/p>\n\n\n\n<h2><strong>La vie quotidienne au sein du camp<\/strong><\/h2>\n\n\n\n<p>Le r\u00e9veil des d\u00e9tenus \u00e9tait fix\u00e9 \u00e0 4 heures, ou 5 heures en hiver. Ils \u00e9taient r\u00e9veill\u00e9s par des sifflements, des hurlements et des insultes. Ils devaient ensuite faire leurs lits au carr\u00e9 sous peine d&rsquo;\u00eatre matraqu\u00e9s. Survenait ensuite le moment de la douche. Dans chaque baraquement, il y avait une vasque ronde o\u00f9 coulait de l\u2019eau glac\u00e9e. Ceux qui ne se mouillaient pas assez vite pouvaient \u00e9galement recevoir des coups. Les d\u00e9tenus pouvaient ensuite boire une petite portion d\u2019un liquide ressemblant vaguement \u00e0 du caf\u00e9.<\/p>\n\n\n\n<p>L\u2019appel se faisait \u00e0 5h30, ou 6h30 en hiver. Les d\u00e9tenus devaient \u00eatre bien droits et parfaitement align\u00e9s. Tous devaient assister \u00e0 l\u2019appel, m\u00eame les plus faibles ou les mourants. Les SS passaient pour compter les morts et les vivants. Souvent, ils faisaient en sorte que les appels durent longtemps, notamment en hiver, afin d\u2019\u00e9puiser toujours plus les d\u00e9tenus. <\/p>\n\n\n\n<figure class=\"wp-block-image size-large is-resized\"><img loading=\"lazy\" src=\"https:\/\/blogs.univ-jfc.fr\/vphn\/wp-content\/uploads\/sites\/65\/2024\/04\/de_jour_comme_de_nuit_lappel_gravure_de_henri_gayot_-_collection_du_cerd_-_droits_rrservrs_0-1024x759.jpg\" alt=\"\" class=\"wp-image-13902\" width=\"461\" height=\"341\" srcset=\"https:\/\/blogs.univ-jfc.fr\/vphn\/wp-content\/uploads\/sites\/65\/2024\/04\/de_jour_comme_de_nuit_lappel_gravure_de_henri_gayot_-_collection_du_cerd_-_droits_rrservrs_0-1024x759.jpg 1024w, https:\/\/blogs.univ-jfc.fr\/vphn\/wp-content\/uploads\/sites\/65\/2024\/04\/de_jour_comme_de_nuit_lappel_gravure_de_henri_gayot_-_collection_du_cerd_-_droits_rrservrs_0-300x223.jpg 300w, https:\/\/blogs.univ-jfc.fr\/vphn\/wp-content\/uploads\/sites\/65\/2024\/04\/de_jour_comme_de_nuit_lappel_gravure_de_henri_gayot_-_collection_du_cerd_-_droits_rrservrs_0-768x570.jpg 768w, https:\/\/blogs.univ-jfc.fr\/vphn\/wp-content\/uploads\/sites\/65\/2024\/04\/de_jour_comme_de_nuit_lappel_gravure_de_henri_gayot_-_collection_du_cerd_-_droits_rrservrs_0.jpg 1200w\" sizes=\"(max-width: 461px) 100vw, 461px\" \/><figcaption>De jour comme de nuit, l&rsquo;appel. Gravure de Henri Gayot, <a href=\"https:\/\/www.cheminsdememoire.gouv.fr\/fr\/le-camp-de-natzweiler-struthof\">Chemin de M\u00e9moire<\/a> <\/figcaption><\/figure>\n\n\n\n<p>Apr\u00e8s l\u2019appel, les d\u00e9tenus \u00e9taient r\u00e9partis dans les kommandos de travail, unit\u00e9 de travail forc\u00e9. Certains partent travailler dans la carri\u00e8re ou dans les chantiers environnants. D\u2019autres travaillent dans les kommandos de service pour accueillir les nouveaux d\u00e9tenus ou pr\u00e9parer le maigre repas des autres d\u00e9tenus. <\/p>\n\n\n\n<p>Le repas du midi \u00e9tait compos\u00e9 d\u2019une soupe claire o\u00f9 flottaient quelques bouts de choux et quelques maigres morceaux de viande. Le repas est servi dans des gamelles sur le camp ou directement sur les chantiers. Ce sont les kapos, qui versent la soupe aux autres d\u00e9tenus.<\/p>\n\n\n\n<p>Vers 18 heures, les d\u00e9tenus sont de retour au camp. Les bless\u00e9s et les mourants de la journ\u00e9e sont transport\u00e9s par d\u2019autres d\u00e9tenus jusqu\u2019au camp. S&rsquo;en suit un nouvel appel. Le repas du soir est constitu\u00e9 d\u2019un morceau de pain, de margarine, parfois de saucisson ou de soupe. Quelques fois, les d\u00e9tenus pouvaient recevoir une cuill\u00e8re de marmelade. Le dimanche, la soupe contenait un peu plus de viande.<\/p>\n\n\n\n<p>\u00c0 partir de 20 heures, le silence devait r\u00e9gner sur le camp. Les d\u00e9tenus \u00e9taient entass\u00e9s \u00e0 3 ou 4 sur des paillasses. Ils dormaient en quinconce afin d\u2019optimiser la place sur ces lits de fortune.&nbsp;<\/p>\n\n\n\n<h2><strong>Septembre 1944 &#8211; avril 1945 : l\u2019\u00e9vacuation du camp<\/strong><\/h2>\n\n\n\n<p>L&rsquo;\u00e9vacuation du camp est pr\u00e9cipit\u00e9e par l\u2019avanc\u00e9e des Alli\u00e9es. Le 2 septembre 1944, les d\u00e9tenus sont \u00e9vacu\u00e9s \u00e0 partir de la gare de Rothau en trois vagues successives. Le 11 novembre, le commandant quitte le camp. Le 22 novembre, c\u2019est la derni\u00e8re \u00e9vacuation. Lorsque les soldats am\u00e9ricains de la 6\u00e8me arm\u00e9e entrent dans le camp le 25 novembre, ils le trouvent totalement vide.&nbsp;Une fois \u00e9vacu\u00e9, le camp de Natzweiler continue d\u2019exister et de cro\u00eetre. L\u2019administration est d\u00e9plac\u00e9e \u00e0 Guttenbach en Allemagne dans une petite auberge. Une grande partie des d\u00e9tenus a \u00e9t\u00e9 d\u00e9port\u00e9e dans le camp de Dachau. \u00c0 partir de fin janvier 1945, l\u2019administration du KL-Natzweiler est itin\u00e9rante.&nbsp;Le supplice des d\u00e9tenus continue jusqu\u2019\u00e0 fin avril 1945 avec des \u00e9vacuations vers d\u2019autres camps toujours plus \u00e0 l\u2019Est. Ces \u00e9vacuations donnent lieu \u00e0 des marches de la mort. <\/p>\n\n\n\n<p>Apr\u00e8s l&rsquo;\u00e9vacuation du camp par les SS, le camp devient en d\u00e9cembre 1944 un \u00ab\u00a0centre de s\u00e9jour surveill\u00e9\u00a0\u00bb pour les personnes arr\u00eat\u00e9es et en attente de leur jugement. Puis en janvier 1946, le camp est confi\u00e9 \u00e0 l\u2019administration p\u00e9nitentiaire. Des personnes seront emprisonn\u00e9es dans le camp jusqu\u2019en 1948.\u00a0<\/p>\n\n\n\n<h2><strong>Le camp du Struthof aujourd\u2019hui : un lieu de m\u00e9moire<\/strong><\/h2>\n\n\n\n<p>D\u00e8s la fin de la guerre, il y a une volont\u00e9 de pr\u00e9server ce camp qui est \u00e0 la fois un lieu historique et un lieu de m\u00e9moire. Il faut parler, transmettre et expliquer aux futures g\u00e9n\u00e9rations, les erreurs du pass\u00e9 afin de ne pas les reproduire. Il est aussi important  de  parler pour ne pas oublier toutes les innocents qui ont perdu la vie.\u00a0Ainsi, en janvier 1950, le camp de Natzweiler-Struthof est class\u00e9 Monument Historique. Plusieurs m\u00e9moires s\u2019articulent autour du camp : la m\u00e9moire de la r\u00e9sistance et la m\u00e9moire des d\u00e9port\u00e9s.<\/p>\n\n\n\n<h2><strong>Le souvenir de la r\u00e9sistance<\/strong><\/h2>\n\n\n\n<p>Des plaques comm\u00e9moratives ont \u00e9t\u00e9 \u00e9rig\u00e9es \u00e0 plusieurs endroits du camp en hommage aux r\u00e9sistants qui ont \u00e9t\u00e9 tu\u00e9s dans le camp. De plus, on retrouve en bas du camp la croix de Lorraine, symbole de la r\u00e9sistance initi\u00e9e par le g\u00e9n\u00e9ral de Gaulle.\u00a0<\/p>\n\n\n\n<p>Le Centre Europ\u00e9en du R\u00e9sistant d\u00e9port\u00e9 y a \u00e9t\u00e9 inaugur\u00e9 le 3 novembre 2005 par le pr\u00e9sident Jacques Chirac. Ce lieu a \u00e9t\u00e9 pens\u00e9 pour \u00eatre un lieu de formation, de r\u00e9flexion et de rencontre. L\u2019exposition permanente s\u2019intitule \u00ab S\u2019engager, r\u00e9sister, combattre \u00bb ; c&rsquo;est une introduction \u00e0 la visite du camp. Il y a \u00e9galement des bornes tactiles, des vid\u00e9os, des photos qui pr\u00e9sentent et r\u00e9sument l\u2019histoire de la Seconde Guerre mondiale et de la r\u00e9sistance, notamment pour les groupes scolaires.  Pour le b\u00e2timent, l&rsquo;architecte Pierre-Louis Faloci a utilis\u00e9 des mat\u00e9riaux sombres, tels que l\u2019aluminium, le bois, le b\u00e9ton brut, l\u2019acier noir et la pierre granitique noire afin de jouer avec les contrastes de lumi\u00e8re et donner une impression d\u2019aust\u00e9rit\u00e9.<\/p>\n\n\n\n<figure class=\"wp-block-image size-large\"><img loading=\"lazy\" width=\"451\" height=\"300\" src=\"https:\/\/blogs.univ-jfc.fr\/vphn\/wp-content\/uploads\/sites\/65\/2024\/04\/csm_Centre_europeen_du_resistant_deporte__Architecte_Pierre-Louis_Faloci_1_0d0405f0f8.jpg\" alt=\"\" class=\"wp-image-13903\" srcset=\"https:\/\/blogs.univ-jfc.fr\/vphn\/wp-content\/uploads\/sites\/65\/2024\/04\/csm_Centre_europeen_du_resistant_deporte__Architecte_Pierre-Louis_Faloci_1_0d0405f0f8.jpg 451w, https:\/\/blogs.univ-jfc.fr\/vphn\/wp-content\/uploads\/sites\/65\/2024\/04\/csm_Centre_europeen_du_resistant_deporte__Architecte_Pierre-Louis_Faloci_1_0d0405f0f8-300x200.jpg 300w\" sizes=\"(max-width: 451px) 100vw, 451px\" \/><figcaption>Le Centre Europ\u00e9en du R\u00e9sistant d\u00e9port\u00e9, <a href=\"https:\/\/www.struthof.fr\/le-site\/le-centre-europeen-du-resistant-deporte\">M\u00e9morial Struthof<\/a><\/figcaption><\/figure>\n\n\n\n<h2><strong>Le souvenir des d\u00e9port\u00e9s<\/strong><\/h2>\n\n\n\n<p>Une plaque comm\u00e9morative a \u00e9t\u00e9 install\u00e9e en haut du camp; elle surplombe les terrasses o\u00f9 se trouvaient les baraquements, en hommage \u00e0 tous les d\u00e9port\u00e9s. Il y est inscrit \u00ab\u00a0\u00e0 la m\u00e9moire de tous les d\u00e9port\u00e9s \u00e9trangers morts ici pour la libert\u00e9\u00a0\u00bb.&nbsp;<\/p>\n\n\n\n<p>Le M\u00e9morial aux h\u00e9ros et Martyrs de la D\u00e9portation est pens\u00e9 comme un \u00ab\u00a0mausol\u00e9e pour les milliers de corps inconnus\u00a0\u00bb (CERD), qui ont p\u00e9ri et ont \u00e9t\u00e9 r\u00e9duits en cendres dans les fours cr\u00e9matoires. Ce m\u00e9morial est le dernier lieu de repos pour des milliers de d\u00e9port\u00e9s qui ont \u00e9t\u00e9 priv\u00e9s d\u2019un lieu de s\u00e9pulture. C&rsquo;est une tombe symbolique pour tous les d\u00e9port\u00e9s d&rsquo;Europe. Le b\u00e2timent a la forme d\u2019une flamme.&nbsp;<\/p>\n\n\n\n<figure class=\"wp-block-image size-large is-resized\"><img loading=\"lazy\" src=\"https:\/\/blogs.univ-jfc.fr\/vphn\/wp-content\/uploads\/sites\/65\/2024\/04\/IMG_1478-768x1024.jpeg\" alt=\"\" class=\"wp-image-13904\" width=\"376\" height=\"500\" srcset=\"https:\/\/blogs.univ-jfc.fr\/vphn\/wp-content\/uploads\/sites\/65\/2024\/04\/IMG_1478-768x1024.jpeg 768w, https:\/\/blogs.univ-jfc.fr\/vphn\/wp-content\/uploads\/sites\/65\/2024\/04\/IMG_1478-225x300.jpeg 225w, https:\/\/blogs.univ-jfc.fr\/vphn\/wp-content\/uploads\/sites\/65\/2024\/04\/IMG_1478-1152x1536.jpeg 1152w, https:\/\/blogs.univ-jfc.fr\/vphn\/wp-content\/uploads\/sites\/65\/2024\/04\/IMG_1478.jpeg 1536w\" sizes=\"(max-width: 376px) 100vw, 376px\" \/><figcaption>Le M\u00e9morial aux h\u00e9ros et Martyrs de la D\u00e9portation, Photographie personnelle <\/figcaption><\/figure>\n\n\n\n<p>La N\u00e9cropole Nationale a \u00e9t\u00e9 construite en 1957. Entre 1957 et 1962, 1 118 d\u00e9port\u00e9s ont \u00e9t\u00e9 exhum\u00e9s des camps nazis, essentiellement en Allemagne. Ils ont ensuite \u00e9t\u00e9 inhum\u00e9s au sein de la N\u00e9cropole Nationale du Struthof. L&rsquo;objectif est de leur rendre hommage en leur offrant un dernier lieu de r\u00e9sidence apr\u00e8s toutes les souffrances endur\u00e9es.<\/p>\n\n\n\n<figure class=\"wp-block-image size-large is-resized\"><img loading=\"lazy\" src=\"https:\/\/blogs.univ-jfc.fr\/vphn\/wp-content\/uploads\/sites\/65\/2024\/04\/IMG_1267-1024x768.jpeg\" alt=\"\" class=\"wp-image-13906\" width=\"472\" height=\"353\" srcset=\"https:\/\/blogs.univ-jfc.fr\/vphn\/wp-content\/uploads\/sites\/65\/2024\/04\/IMG_1267-1024x768.jpeg 1024w, https:\/\/blogs.univ-jfc.fr\/vphn\/wp-content\/uploads\/sites\/65\/2024\/04\/IMG_1267-300x225.jpeg 300w, https:\/\/blogs.univ-jfc.fr\/vphn\/wp-content\/uploads\/sites\/65\/2024\/04\/IMG_1267-768x576.jpeg 768w, https:\/\/blogs.univ-jfc.fr\/vphn\/wp-content\/uploads\/sites\/65\/2024\/04\/IMG_1267-1536x1152.jpeg 1536w, https:\/\/blogs.univ-jfc.fr\/vphn\/wp-content\/uploads\/sites\/65\/2024\/04\/IMG_1267.jpeg 2048w\" sizes=\"(max-width: 472px) 100vw, 472px\" \/><figcaption>La N\u00e9cropole Nationale, Photographie personnelle<\/figcaption><\/figure>\n\n\n\n<h2><strong>Comment transmettre les m\u00e9moires ?<\/strong><\/h2>\n\n\n\n<p>Afin de transmettre la m\u00e9moire \u00e0 la fois du camp, des d\u00e9port\u00e9s et de la r\u00e9gion, le M\u00e9morial du Struthof propose de visiter le lieu de l\u2019ancien camp de concentration. Ces visites peuvent \u00eatre individuelles, collectives ou encore p\u00e9dagogiques.\u00a0<\/p>\n\n\n\n<p>Depuis le 7 juillet 2023, \u00ab\u00a0<a href=\"https:\/\/www.struthof.fr\/le-site\/le-chemin-des-deportes\">le chemin des d\u00e9port\u00e9s<\/a>\u00a0\u00bb est cr\u00e9\u00e9. Il s\u2019agit d\u2019un sentier de 8 km qui permet de rejoindre la gare de Rothau et le camp du Struthof. Ce sentier \u00e0 l\u2019initiative du CERD permet de comprendre ce qu\u2019ont v\u00e9cu les d\u00e9port\u00e9s en retra\u00e7ant leur parcours. C&rsquo;est \u00e9galement une introduction \u00e0 la visite du camp.\u00a0<\/p>\n\n\n\n<figure class=\"wp-block-image size-large is-resized\"><img loading=\"lazy\" src=\"https:\/\/blogs.univ-jfc.fr\/vphn\/wp-content\/uploads\/sites\/65\/2024\/04\/Chemin-deportes-1024x591.png\" alt=\"\" class=\"wp-image-13907\" width=\"734\" height=\"423\" srcset=\"https:\/\/blogs.univ-jfc.fr\/vphn\/wp-content\/uploads\/sites\/65\/2024\/04\/Chemin-deportes-1024x591.png 1024w, https:\/\/blogs.univ-jfc.fr\/vphn\/wp-content\/uploads\/sites\/65\/2024\/04\/Chemin-deportes-300x173.png 300w, https:\/\/blogs.univ-jfc.fr\/vphn\/wp-content\/uploads\/sites\/65\/2024\/04\/Chemin-deportes-768x443.png 768w, https:\/\/blogs.univ-jfc.fr\/vphn\/wp-content\/uploads\/sites\/65\/2024\/04\/Chemin-deportes.png 1512w\" sizes=\"(max-width: 734px) 100vw, 734px\" \/><figcaption>Carte Chemin des d\u00e9port\u00e9s, <a href=\"https:\/\/www.struthof.fr\/le-site\/le-chemin-des-deportes\">M\u00e9morial Struthof<\/a><\/figcaption><\/figure>\n\n\n\n<p>Par ailleurs, les m\u00e9dias et multim\u00e9dias sont \u00e9galement sollicit\u00e9s afin de remplir ce devoir de m\u00e9moire. Une s\u00e9rie de <a href=\"https:\/\/feeds.acast.com\/public\/shows\/65672f2ac3ca8a00126f183a\">podcast<\/a>s est diffus\u00e9e depuis 2023. Ces podcasts sont d\u00e9di\u00e9s \u00e0 l\u2019histoire du camp et ses victimes. Une <a href=\"https:\/\/www.youtube.com\/channel\/UCofTWZs6fNr5MfL0QVawRNg\">cha\u00eene YouTube<\/a> a \u00e9galement \u00e9t\u00e9 cr\u00e9\u00e9e afin de diffuser l\u2019histoire du camp. On y trouve notamment des conf\u00e9rences et des t\u00e9moignages.<\/p>\n\n\n\n<p>De plus, le CERD propose \u00e9galement des <a href=\"https:\/\/www.struthof.fr\/ressources\/ressources-pedagogiques\">dossiers p\u00e9dagogiques<\/a> afin d&rsquo;accompagner les enseignants dans l\u2019\u00e9tude de l\u2019histoire du camp.&nbsp;<\/p>\n\n\n\n<p>Le <a href=\"https:\/\/www.struthof.fr\/\">site internet du Struthof<\/a> est \u00e9galement un outil qui contribue \u00e0 la diffusion de l\u2019histoire et de la m\u00e9moire du camp. Il propose une multitude de renseignements et d\u2019informations qui permettent de sensibiliser tous les publics.<\/p>\n\n\n\n<p><a href=\"https:\/\/blogs.univ-jfc.fr\/vphn\/2024\/04\/21\/natzweiler-struthof-un-camp-de-concentration-allemand-en-alsace-annexee-2\/\"><strong>Bibliographie indicative<\/strong><\/a><\/p>\n\n\n\n<p><\/p>\n\n\n\n<hr class=\"wp-block-separator aligncenter is-style-wide\" \/>\n\n\n\n<p>Paris L\u00e9a, Dartigolles Marianne, Leon Rohan, Bessi\u00e8re-Cousini\u00e9 Juliette<\/p>\n","protected":false},"excerpt":{"rendered":"<p>La cr\u00e9ation du camp D\u00e8s les ann\u00e9es 1920, Hitler a pour projet de construire un empire allemand dont la capitale se pr\u00e9nommerait Germania, nouvelle capitale du monde. Ces futurs chantiers de constructions monumentaux n\u00e9cessitent des besoins en mat\u00e9riaux. Le granit est tr\u00e8s recherch\u00e9 et appr\u00e9ci\u00e9 par l\u2019Allemagne nazie pour ces travaux de construction. Ainsi, Heinrich &hellip; <\/p>\n<p class=\"link-more\"><a href=\"https:\/\/blogs.univ-jfc.fr\/vphn\/2024\/04\/21\/natzweiler-struthof-un-camp-de-concentration-allemand-en-alsace-annexee\/\" class=\"more-link\">Continuer la lecture<span class=\"screen-reader-text\"> de &laquo;&nbsp;Natzweiler &#8211; Struthof : Un camp de concentration allemand en Alsace annex\u00e9e&nbsp;&raquo;<\/span><\/a><\/p>\n","protected":false},"author":1443,"featured_media":0,"comment_status":"closed","ping_status":"closed","sticky":false,"template":"","format":"standard","meta":[],"categories":[28],"tags":[],"_links":{"self":[{"href":"https:\/\/blogs.univ-jfc.fr\/vphn\/wp-json\/wp\/v2\/posts\/13813"}],"collection":[{"href":"https:\/\/blogs.univ-jfc.fr\/vphn\/wp-json\/wp\/v2\/posts"}],"about":[{"href":"https:\/\/blogs.univ-jfc.fr\/vphn\/wp-json\/wp\/v2\/types\/post"}],"author":[{"embeddable":true,"href":"https:\/\/blogs.univ-jfc.fr\/vphn\/wp-json\/wp\/v2\/users\/1443"}],"replies":[{"embeddable":true,"href":"https:\/\/blogs.univ-jfc.fr\/vphn\/wp-json\/wp\/v2\/comments?post=13813"}],"version-history":[{"count":19,"href":"https:\/\/blogs.univ-jfc.fr\/vphn\/wp-json\/wp\/v2\/posts\/13813\/revisions"}],"predecessor-version":[{"id":13961,"href":"https:\/\/blogs.univ-jfc.fr\/vphn\/wp-json\/wp\/v2\/posts\/13813\/revisions\/13961"}],"wp:attachment":[{"href":"https:\/\/blogs.univ-jfc.fr\/vphn\/wp-json\/wp\/v2\/media?parent=13813"}],"wp:term":[{"taxonomy":"category","embeddable":true,"href":"https:\/\/blogs.univ-jfc.fr\/vphn\/wp-json\/wp\/v2\/categories?post=13813"},{"taxonomy":"post_tag","embeddable":true,"href":"https:\/\/blogs.univ-jfc.fr\/vphn\/wp-json\/wp\/v2\/tags?post=13813"}],"curies":[{"name":"wp","href":"https:\/\/api.w.org\/{rel}","templated":true}]}}