{"id":13912,"date":"2024-04-21T00:47:53","date_gmt":"2024-04-20T22:47:53","guid":{"rendered":"http:\/\/blogs.univ-jfc.fr\/vphn\/?p=13912"},"modified":"2024-04-21T00:47:53","modified_gmt":"2024-04-20T22:47:53","slug":"natzweiler-struthof-un-camp-de-concentration-allemand-en-alsace-annexee-2","status":"publish","type":"post","link":"https:\/\/blogs.univ-jfc.fr\/vphn\/2024\/04\/21\/natzweiler-struthof-un-camp-de-concentration-allemand-en-alsace-annexee-2\/","title":{"rendered":"Natzweiler-Struthof : Un camp de concentration allemand en Alsace annex\u00e9e"},"content":{"rendered":"\n<h1><strong>Bibliographie<\/strong><\/h1>\n\n\n\n<hr class=\"wp-block-separator is-style-wide\" \/>\n\n\n\n<p><strong><span class=\"has-inline-color has-pale-cyan-blue-color\">I. L&rsquo;Epoque contemporaine<\/span><\/strong><\/p>\n\n\n\n<ul><li>Barri\u00e8re Jean-Paul, <em>La France du XX<\/em><sup><em>e<\/em><\/sup><em> si\u00e8cle, 1914-2002<\/em>, Paris, Hachette Sup\u00e9rieur, 2016 [2008], 180 p.<\/li><li>Bonhomme \u00c9ric, Verclytte Thomas, <em>L\u2019Europe de 1900 \u00e0 nos jours<\/em>, Paris, Armand Colin, \u00ab&nbsp;Portail&nbsp;\u00bb, 2018, 440 p.<\/li><li>Nouschi Marc, <em>Petit Atlas historique du XX<\/em><sup><em>e<\/em><\/sup><em> si\u00e8cle<\/em>, Paris, Armand Colin, \u00ab&nbsp;Petit Atlas historique&nbsp;\u00bb, 2016 [2002], 224 p. <\/li><\/ul>\n\n\n\n<p><strong><span class=\"has-inline-color has-pale-cyan-blue-color\">II. La Seconde Guerre mondiale<\/span><\/strong><\/p>\n\n\n\n<ul><li>Buffotot Patrice, <em>La Seconde Guerre mondiale<\/em>, Paris, Armand Colin, 2014, 128 p.<\/li><li>Matanle Ivor, <em>Le Grand Atlas de la Seconde Guerre mondiale<\/em>, Paris, Atlas, \u00ab&nbsp;Histoire&nbsp;\u00bb , 2015, 384 p.&nbsp;<\/li><\/ul>\n\n\n\n<p><strong><span class=\"has-inline-color has-pale-cyan-blue-color\">III. Le nazisme <\/span><\/strong><\/p>\n\n\n\n<ul><li>Bruneteau Bernard, <em>Les totalitarismes<\/em>, Paris, Armand Colin, \u00ab&nbsp;Collection U&nbsp;\u00bb, 2014, 320 p.<\/li><li>Chapoutot Johann, <em>Fascisme, nazisme et r\u00e9gimes autoritaires en Europe &#8211; 1918-1945<\/em>, Paris, Presses Universitaires de France, \u00ab&nbsp;Quadrige&nbsp;\u00bb, 2013, 312 p.<\/li><li>Chapoutot Johann, <em>Comprendre le nazisme<\/em>, Paris, Tallandier, \u00ab&nbsp;Texto&nbsp;\u00bb, 2020, 448 p.<\/li><\/ul>\n\n\n\n<p><strong><span class=\"has-inline-color has-pale-cyan-blue-color\">IV. Le KL-Natzweiler <\/span><\/strong><\/p>\n\n\n\n<ul><li>Brange Juliette, \u00ab Natzwiller (Bas-Rhin). Ancien camp De Natzweiler-Struthof \u00bb <em>Arch\u00e9ologie M\u00e9di\u00e9vale<\/em>, 2021, n\u00b051, p. 308-309.&nbsp;<\/li><li>Steegmann Robert, <em>Le Camp de Natzweiler-Struthof<\/em>, Paris, Seuil, \u00ab L\u2019Univers Historique \u00bb, 2009, 384 p.&nbsp;<\/li><li>Steegmann Robert,<em> Le KL-Natzweiler et ses Kommandos<\/em>, Paris, La nu\u00e9e bleue, 2005, 520 p.<\/li><li>Site officiel du camp de Natzweiler-Struthof, [consult\u00e9 le 18\/04\/2024] <a href=\"https:\/\/www.struthof.fr\/\">https:\/\/www.struthof.fr\/<\/a><\/li><li>Site \u00ab Chemins de M\u00e9moire \u00bb, page \u00ab Le camp de Natzweiler-Struthof \u00bb[consult\u00e9 le 18\/04\/2024] <a href=\"https:\/\/www.cheminsdememoire.gouv.fr\/fr\/le-camp-de-natzweiler-struthof\">https:\/\/www.cheminsdememoire.gouv.fr\/fr\/le-camp-de-natzweiler-struthof<\/a><\/li><\/ul>\n\n\n\n<hr class=\"wp-block-separator is-style-wide\" \/>\n\n\n\n<p>Paris L\u00e9a, Dartigolles Marianne, Leon Rohan, Bessi\u00e8re-Cousini\u00e9 Juliette<\/p>\n","protected":false},"excerpt":{"rendered":"<p>Bibliographie I. L&rsquo;Epoque contemporaine Barri\u00e8re Jean-Paul, La France du XXe si\u00e8cle, 1914-2002, Paris, Hachette Sup\u00e9rieur, 2016 [2008], 180 p. Bonhomme \u00c9ric, Verclytte Thomas, L\u2019Europe de 1900 \u00e0 nos jours, Paris, Armand Colin, \u00ab&nbsp;Portail&nbsp;\u00bb, 2018, 440 p. Nouschi Marc, Petit Atlas historique du XXe si\u00e8cle, Paris, Armand Colin, \u00ab&nbsp;Petit Atlas historique&nbsp;\u00bb, 2016 [2002], 224 p. II. &hellip; <\/p>\n<p class=\"link-more\"><a href=\"https:\/\/blogs.univ-jfc.fr\/vphn\/2024\/04\/21\/natzweiler-struthof-un-camp-de-concentration-allemand-en-alsace-annexee-2\/\" class=\"more-link\">Continuer la lecture<span class=\"screen-reader-text\"> de &laquo;&nbsp;Natzweiler-Struthof : Un camp de concentration allemand en Alsace annex\u00e9e&nbsp;&raquo;<\/span><\/a><\/p>\n","protected":false},"author":1443,"featured_media":0,"comment_status":"closed","ping_status":"closed","sticky":false,"template":"","format":"standard","meta":[],"categories":[1],"tags":[],"_links":{"self":[{"href":"https:\/\/blogs.univ-jfc.fr\/vphn\/wp-json\/wp\/v2\/posts\/13912"}],"collection":[{"href":"https:\/\/blogs.univ-jfc.fr\/vphn\/wp-json\/wp\/v2\/posts"}],"about":[{"href":"https:\/\/blogs.univ-jfc.fr\/vphn\/wp-json\/wp\/v2\/types\/post"}],"author":[{"embeddable":true,"href":"https:\/\/blogs.univ-jfc.fr\/vphn\/wp-json\/wp\/v2\/users\/1443"}],"replies":[{"embeddable":true,"href":"https:\/\/blogs.univ-jfc.fr\/vphn\/wp-json\/wp\/v2\/comments?post=13912"}],"version-history":[{"count":3,"href":"https:\/\/blogs.univ-jfc.fr\/vphn\/wp-json\/wp\/v2\/posts\/13912\/revisions"}],"predecessor-version":[{"id":13918,"href":"https:\/\/blogs.univ-jfc.fr\/vphn\/wp-json\/wp\/v2\/posts\/13912\/revisions\/13918"}],"wp:attachment":[{"href":"https:\/\/blogs.univ-jfc.fr\/vphn\/wp-json\/wp\/v2\/media?parent=13912"}],"wp:term":[{"taxonomy":"category","embeddable":true,"href":"https:\/\/blogs.univ-jfc.fr\/vphn\/wp-json\/wp\/v2\/categories?post=13912"},{"taxonomy":"post_tag","embeddable":true,"href":"https:\/\/blogs.univ-jfc.fr\/vphn\/wp-json\/wp\/v2\/tags?post=13912"}],"curies":[{"name":"wp","href":"https:\/\/api.w.org\/{rel}","templated":true}]}}